{"id":63956,"date":"2013-04-26T12:33:14","date_gmt":"2013-04-26T15:33:14","guid":{"rendered":"http:\/\/www.r2cpress.com.br\/v1\/?p=63956"},"modified":"2013-04-26T12:33:14","modified_gmt":"2013-04-26T15:33:14","slug":"abril-para-danca-encanta-publico-na-noite-de-estreia","status":"publish","type":"post","link":"https:\/\/www.r2cpress.com.br\/v1\/2013\/04\/26\/abril-para-danca-encanta-publico-na-noite-de-estreia\/","title":{"rendered":"Abril para Dan\u00e7a encanta p\u00fablico na noite de estreia"},"content":{"rendered":"<p>Seis grupos de dan\u00e7a mostraram o talento e criatividade da arte ilheense na estreia do Projeto Abril para Dan\u00e7a, quinta-feira, 25, na Pra\u00e7a Pedro Mattos, em Frente ao Teatro Municipal de Ilh\u00e9us. A primeira noite do evento atraiu um p\u00fablico expressivo, que se encantou com a diversidade de linguagens e estilos proporcionados.<br \/>\n<div id=\"attachment_63957\" style=\"width: 560px\" class=\"wp-caption aligncenter\"><a href=\"http:\/\/www.r2cpress.com.br\/v1\/wp-content\/uploads\/mont-abril-dan\u00e7a-pmi-26-04-2013.jpg\"><img aria-describedby=\"caption-attachment-63957\" loading=\"lazy\" src=\"http:\/\/www.r2cpress.com.br\/v1\/wp-content\/uploads\/mont-abril-dan\u00e7a-pmi-26-04-2013.jpg\" alt=\"Abril para Dan\u00e7a - Foto Alfredo FIlho - Secom . MONT\/R2CPRESS.\" width=\"550\" height=\"377\" class=\"size-full wp-image-63957\" srcset=\"https:\/\/www.r2cpress.com.br\/v1\/wp-content\/uploads\/mont-abril-dan\u00e7a-pmi-26-04-2013.jpg 550w, https:\/\/www.r2cpress.com.br\/v1\/wp-content\/uploads\/mont-abril-dan\u00e7a-pmi-26-04-2013-300x205.jpg 300w\" sizes=\"(max-width: 550px) 100vw, 550px\" \/><\/a><p id=\"caption-attachment-63957\" class=\"wp-caption-text\">Abril para Dan\u00e7a &#8211; Foto Alfredo FIlho &#8211; Secom . MONT\/R2CPRESS.<\/p><\/div><br \/>\nO Abril para Dan\u00e7a \u00e9 um projeto que integra grupos culturais da cidade. Na abertura, o p\u00fablico conferiu a arte da Academia N\u00facleo da Dan\u00e7a, sob dire\u00e7\u00e3o de Isabella Kruschewsky, Ballet Conex\u00e3o, Swingueto, Impacto Dance, Strong Grew e Belas Afros.<\/p>\n<p>Apresenta\u00e7\u00f5es de ballet cl\u00e1ssico, dan\u00e7a de sal\u00e3o da terceira idade, forr\u00f3, hip hop, pagode e ax\u00e9 marcaram a programa\u00e7\u00e3o do primeiro dia do projeto cultural. A mistura de estilos foi destacada pela professora Maria C\u00e9lia, 59 anos, moradora de Salvador, que considerou as atra\u00e7\u00f5es aut\u00eanticas e atraentes. \u201cSai do hotel para jantar com uma amiga e acabei encantada pelos espet\u00e1culos, esquecendo at\u00e9 de me alimentar\u201d, brincou.<\/p>\n<p><!--more--><\/p>\n<p>A professora Gilda Porto, 62 anos, parabenizou os realizadores do projeto por agregar o conceito de intera\u00e7\u00e3o. \u201cA integra\u00e7\u00e3o da comunidade com a cultura nos pa\u00edses do primeiro mundo \u00e9 comum. As pessoas saem do trabalho e tem contato com \u00f3peras, por exemplo. O Abril para Dan\u00e7a est\u00e1 seguindo esse caminho\u201d, frisou.<\/p>\n<p>O integrante do grupo de hip hop, Strong Grew, Mateus de Souza, 16 anos, ressaltou a import\u00e2ncia da arte no resgate de pessoas expostas a vulnerabilidade social.  &#8220;O grupo de dan\u00e7a ajuda pessoas carentes e distancia do contato com drogas. Eu me sinto motivado a participar e tor\u00e7o pela consolida\u00e7\u00e3o desse projeto e a cria\u00e7\u00e3o de outros&#8221;, ressalta.<\/p>\n<p>Com a mesma perspectiva, o Secret\u00e1rio de Cultura do munic\u00edpio, Paulo Atto, disse que a prefeitura realizar\u00e1 durante todo o ano eventos aberto ao p\u00fablico, objetivando a aproxima\u00e7\u00e3o do p\u00fablico com a arte e cultura. \u201c\u00c9 fundamental proporcionar o acesso da popula\u00e7\u00e3o \u00e0s atividades e aos artistas da cidade\u201d, acrescentando que grupos de dan\u00e7a de diversas localidades aderiram ao projeto. \u201cAcademias, grupos formados em escolas, vindos de distritos contemplam as diversas linguagens de dan\u00e7a. Essa \u00e9 a ideia, todos somos produtores de cultura\u201d.<\/p>\n<p>Convite \u2013 O secret\u00e1rio Paulo Atto convida toda popula\u00e7\u00e3o para participar nesta sexta-feira, 26, da segunda noite do Projeto Abril para Dan\u00e7a. A partir das 18 horas, o p\u00fablico poder\u00e1 apreciar os espet\u00e1culos dos grupos Quadrilha Junina Forr\u00f3 dos Dinossauros, Quadrilha Junina Cia do Forr\u00f3, Academia Din\u00e2mica e Movimento, Grupo de Dan\u00e7a Yourt Dance, Escola de Dan\u00e7a Tonus, Grupo Styllo Nois e Space Dance.<\/p>\n<p>&#8212;<br \/>\nSecretaria de Comunica\u00e7\u00e3o Social (Secom)<br \/>\nIlh\u00e9us \u2013 26.04.2013<\/p>\n","protected":false},"excerpt":{"rendered":"<p>Seis grupos de dan\u00e7a mostraram o talento e criatividade da arte ilheense na estreia do Projeto Abril para Dan\u00e7a, quinta-feira, 25, na Pra\u00e7a Pedro Mattos, em Frente ao Teatro Municipal de Ilh\u00e9us. A primeira noite do evento atraiu um p\u00fablico expressivo, que se encantou com a diversidade de linguagens e estilos proporcionados. O Abril para [&hellip;]<\/p>\n","protected":false},"author":2,"featured_media":0,"comment_status":"open","ping_status":"open","sticky":false,"template":"","format":"standard","meta":{"_links_to":"","_links_to_target":""},"categories":[23],"tags":[],"_links":{"self":[{"href":"https:\/\/www.r2cpress.com.br\/v1\/wp-json\/wp\/v2\/posts\/63956"}],"collection":[{"href":"https:\/\/www.r2cpress.com.br\/v1\/wp-json\/wp\/v2\/posts"}],"about":[{"href":"https:\/\/www.r2cpress.com.br\/v1\/wp-json\/wp\/v2\/types\/post"}],"author":[{"embeddable":true,"href":"https:\/\/www.r2cpress.com.br\/v1\/wp-json\/wp\/v2\/users\/2"}],"replies":[{"embeddable":true,"href":"https:\/\/www.r2cpress.com.br\/v1\/wp-json\/wp\/v2\/comments?post=63956"}],"version-history":[{"count":2,"href":"https:\/\/www.r2cpress.com.br\/v1\/wp-json\/wp\/v2\/posts\/63956\/revisions"}],"predecessor-version":[{"id":63959,"href":"https:\/\/www.r2cpress.com.br\/v1\/wp-json\/wp\/v2\/posts\/63956\/revisions\/63959"}],"wp:attachment":[{"href":"https:\/\/www.r2cpress.com.br\/v1\/wp-json\/wp\/v2\/media?parent=63956"}],"wp:term":[{"taxonomy":"category","embeddable":true,"href":"https:\/\/www.r2cpress.com.br\/v1\/wp-json\/wp\/v2\/categories?post=63956"},{"taxonomy":"post_tag","embeddable":true,"href":"https:\/\/www.r2cpress.com.br\/v1\/wp-json\/wp\/v2\/tags?post=63956"}],"curies":[{"name":"wp","href":"https:\/\/api.w.org\/{rel}","templated":true}]}}