{"id":63996,"date":"2013-04-26T20:00:58","date_gmt":"2013-04-26T23:00:58","guid":{"rendered":"http:\/\/www.r2cpress.com.br\/v1\/?p=63996"},"modified":"2013-04-26T17:35:38","modified_gmt":"2013-04-26T20:35:38","slug":"do-fundo-do-bau-de-jose-leite-110","status":"publish","type":"post","link":"https:\/\/www.r2cpress.com.br\/v1\/2013\/04\/26\/do-fundo-do-bau-de-jose-leite-110\/","title":{"rendered":"DO FUNDO DO BA\u00da DE JOS\u00c9 LEITE"},"content":{"rendered":"<p><center><a href=\"http:\/\/www.r2cpress.com.br\/v1\/wp-content\/uploads\/Novo-visual-do-Bau_400L.jpg\"><img loading=\"lazy\" class=\"aligncenter size-full wp-image-63997\" alt=\"Novo visual do Bau_400L\" src=\"http:\/\/www.r2cpress.com.br\/v1\/wp-content\/uploads\/Novo-visual-do-Bau_400L.jpg\" width=\"400\" height=\"320\" srcset=\"https:\/\/www.r2cpress.com.br\/v1\/wp-content\/uploads\/Novo-visual-do-Bau_400L.jpg 400w, https:\/\/www.r2cpress.com.br\/v1\/wp-content\/uploads\/Novo-visual-do-Bau_400L-300x240.jpg 300w\" sizes=\"(max-width: 400px) 100vw, 400px\" \/><\/a><\/center><\/p>\n<p style=\"text-align: center;\"><span style=\"color: #6d3e2b;\"><strong>1) ILH\u00c9US H\u00c1 55 ANOS ATR\u00c1S, O QUE ILH\u00c9US GANHOU E PERDEU. <\/strong><\/span><\/p>\n<p style=\"text-align: center;\">\u00a0<span style=\"color: #6d3e2b;\"><strong>2) H\u00c1 21 ANOS ATR\u00c1S, O ABRA\u00c7O DOS MEUS AMIGOS VIVOS E COM MUITA SA\u00daDE. <\/strong><\/span><\/p>\n<p style=\"text-align: center;\">\u00a0<span style=\"color: #6d3e2b;\"><strong>3) AS FOTOS DESTAQUES DA SEMANA.<\/strong><\/span><\/p>\n<p><!--more--><\/p>\n<p>***<\/p>\n<p>&nbsp;<\/p>\n<h3><strong><span style=\"color: #6d3e2b;\">ILH\u00c9US H\u00c1 55 ANOS ATR\u00c1S, O QUE ILH\u00c9US GANHOU E PERDEU.<\/span><\/strong><\/h3>\n<p>&nbsp;<\/p>\n<div id=\"attachment_63999\" style=\"width: 359px\" class=\"wp-caption aligncenter\"><a href=\"http:\/\/www.r2cpress.com.br\/v1\/wp-content\/uploads\/117.jpeg\"><img aria-describedby=\"caption-attachment-63999\" loading=\"lazy\" class=\"size-large wp-image-63999\" alt=\"Num boletim antigo do ROTARY CLUBE ILH\u00c9US, descreve como era ILH\u00c9US no ano de 1958. Vamos citar apenas quatro diferen\u00e7as: POPULA\u00c7\u00c3O, somente a Zona Sul hoje possuem 60 mil habitantes; BANCOS, das 11 ag\u00eancias s\u00f3 restaram seis; HOSPITAIS, continuamos com os mesmos dois; EXPORTA\u00c7\u00c3O DE CACAU, dos 2 e meio milh\u00f5es de sacos de cacau exportados pela 2\u00aa maior regi\u00e3o produtora de cacau do mundo, caiu para ZERO. A Regi\u00e3o agora importa cacau pelo porto de ILH\u00c9US. As outras diferen\u00e7as ficam ao seu crit\u00e9rio.\" src=\"http:\/\/www.r2cpress.com.br\/v1\/wp-content\/uploads\/117-349x1024.jpeg\" width=\"349\" height=\"1024\" srcset=\"https:\/\/www.r2cpress.com.br\/v1\/wp-content\/uploads\/117-349x1024.jpeg 349w, https:\/\/www.r2cpress.com.br\/v1\/wp-content\/uploads\/117-102x300.jpeg 102w\" sizes=\"(max-width: 349px) 100vw, 349px\" \/><\/a><p id=\"caption-attachment-63999\" class=\"wp-caption-text\">Num boletim antigo do ROTARY CLUBE ILH\u00c9US, descreve como era ILH\u00c9US no ano de 1958. Vamos citar apenas quatro diferen\u00e7as: POPULA\u00c7\u00c3O, somente a Zona Sul hoje possuem 60 mil habitantes; BANCOS, das 11 ag\u00eancias s\u00f3 restaram seis; HOSPITAIS, continuamos com os mesmos dois; EXPORTA\u00c7\u00c3O DE CACAU, dos 2 e meio milh\u00f5es de sacos de cacau exportados pela 2\u00aa maior regi\u00e3o produtora de cacau do mundo, caiu para ZERO. A Regi\u00e3o agora importa cacau pelo porto de ILH\u00c9US. As outras diferen\u00e7as ficam ao seu crit\u00e9rio.<\/p><\/div>\n<div id=\"attachment_64000\" style=\"width: 310px\" class=\"wp-caption aligncenter\"><a href=\"http:\/\/www.r2cpress.com.br\/v1\/wp-content\/uploads\/26.jpeg\"><img aria-describedby=\"caption-attachment-64000\" loading=\"lazy\" class=\"size-medium wp-image-64000\" alt=\"ILH\u00c9US 1958: Com\u00e9rcio atacadista e varejista forte.\" src=\"http:\/\/www.r2cpress.com.br\/v1\/wp-content\/uploads\/26-300x200.jpeg\" width=\"300\" height=\"200\" srcset=\"https:\/\/www.r2cpress.com.br\/v1\/wp-content\/uploads\/26-300x200.jpeg 300w, https:\/\/www.r2cpress.com.br\/v1\/wp-content\/uploads\/26.jpeg 700w\" sizes=\"(max-width: 300px) 100vw, 300px\" \/><\/a><p id=\"caption-attachment-64000\" class=\"wp-caption-text\">ILH\u00c9US 1958: Com\u00e9rcio atacadista e varejista forte.<\/p><\/div>\n<div id=\"attachment_64002\" style=\"width: 215px\" class=\"wp-caption aligncenter\"><a href=\"http:\/\/www.r2cpress.com.br\/v1\/wp-content\/uploads\/36.jpeg\"><img aria-describedby=\"caption-attachment-64002\" loading=\"lazy\" class=\"size-medium wp-image-64002\" alt=\"ILH\u00c9US 1958: Cidade em desenvolvimento.\" src=\"http:\/\/www.r2cpress.com.br\/v1\/wp-content\/uploads\/36-205x300.jpeg\" width=\"205\" height=\"300\" srcset=\"https:\/\/www.r2cpress.com.br\/v1\/wp-content\/uploads\/36-205x300.jpeg 205w, https:\/\/www.r2cpress.com.br\/v1\/wp-content\/uploads\/36.jpeg 411w\" sizes=\"(max-width: 205px) 100vw, 205px\" \/><\/a><p id=\"caption-attachment-64002\" class=\"wp-caption-text\">ILH\u00c9US 1958: Cidade em desenvolvimento.<\/p><\/div>\n<p>&nbsp;<\/p>\n<h3 style=\"text-align: center;\"><span style=\"color: #6d3e2b;\"><strong>H\u00c1 21 ANOS ATR\u00c1S, O ABRA\u00c7O DOS MEUS AMIGOS VIVOS E COM MUITA SA\u00daDE.<\/strong><\/span><\/h3>\n<p>Relembrando a Festa da Entrega do T\u00edtulo de CIDAD\u00c3O ILHEENSE a JOS\u00c9 LEITE DE SOUZA em 1992 no CLUBE SOCIAL DE ILH\u00c9US.<\/p>\n<div id=\"attachment_64003\" style=\"width: 310px\" class=\"wp-caption aligncenter\"><a href=\"http:\/\/www.r2cpress.com.br\/v1\/wp-content\/uploads\/46.jpeg\"><img aria-describedby=\"caption-attachment-64003\" loading=\"lazy\" class=\"size-medium wp-image-64003\" alt=\"O abra\u00e7o do amigo ALTAMIRO VIANA (Z\u00c9 TIRO SECO). O mais antigo radialista de ILH\u00c9US. \" src=\"http:\/\/www.r2cpress.com.br\/v1\/wp-content\/uploads\/46-300x198.jpeg\" width=\"300\" height=\"198\" srcset=\"https:\/\/www.r2cpress.com.br\/v1\/wp-content\/uploads\/46-300x198.jpeg 300w, https:\/\/www.r2cpress.com.br\/v1\/wp-content\/uploads\/46.jpeg 700w\" sizes=\"(max-width: 300px) 100vw, 300px\" \/><\/a><p id=\"caption-attachment-64003\" class=\"wp-caption-text\">O abra\u00e7o do amigo ALTAMIRO VIANA (Z\u00c9 TIRO SECO).<br \/>O mais antigo radialista de ILH\u00c9US.<\/p><\/div>\n<div id=\"attachment_64004\" style=\"width: 310px\" class=\"wp-caption aligncenter\"><a href=\"http:\/\/www.r2cpress.com.br\/v1\/wp-content\/uploads\/56.jpeg\"><img aria-describedby=\"caption-attachment-64004\" loading=\"lazy\" class=\"size-medium wp-image-64004\" alt=\"O abra\u00e7o do amigo JORGE OLIVEIRA, ex. Radialista, hoje grande empres\u00e1rio. H\u00e1 21 anos atr\u00e1s, o programa de r\u00e1dio comandado por JORGE OLIVEIRA era l\u00edder em audi\u00eancia. \" src=\"http:\/\/www.r2cpress.com.br\/v1\/wp-content\/uploads\/56-300x198.jpeg\" width=\"300\" height=\"198\" srcset=\"https:\/\/www.r2cpress.com.br\/v1\/wp-content\/uploads\/56-300x198.jpeg 300w, https:\/\/www.r2cpress.com.br\/v1\/wp-content\/uploads\/56.jpeg 700w\" sizes=\"(max-width: 300px) 100vw, 300px\" \/><\/a><p id=\"caption-attachment-64004\" class=\"wp-caption-text\">O abra\u00e7o do amigo JORGE OLIVEIRA, ex. Radialista, hoje grande empres\u00e1rio.<br \/>H\u00e1 21 anos atr\u00e1s, o programa de r\u00e1dio comandado por JORGE OLIVEIRA era l\u00edder em audi\u00eancia.<\/p><\/div>\n<div id=\"attachment_64005\" style=\"width: 310px\" class=\"wp-caption aligncenter\"><a href=\"http:\/\/www.r2cpress.com.br\/v1\/wp-content\/uploads\/67.jpeg\"><img aria-describedby=\"caption-attachment-64005\" loading=\"lazy\" class=\"size-medium wp-image-64005\" alt=\"O abra\u00e7o do amigo jornalista e radialista VILI MODESTO. At\u00e9 hoje, l\u00edder em audi\u00eancia na R\u00e1dio Jornal de ITABUNA. \" src=\"http:\/\/www.r2cpress.com.br\/v1\/wp-content\/uploads\/67-300x204.jpeg\" width=\"300\" height=\"204\" srcset=\"https:\/\/www.r2cpress.com.br\/v1\/wp-content\/uploads\/67-300x204.jpeg 300w, https:\/\/www.r2cpress.com.br\/v1\/wp-content\/uploads\/67.jpeg 700w\" sizes=\"(max-width: 300px) 100vw, 300px\" \/><\/a><p id=\"caption-attachment-64005\" class=\"wp-caption-text\">O abra\u00e7o do amigo jornalista e radialista VILI MODESTO.<br \/>At\u00e9 hoje, l\u00edder em audi\u00eancia na R\u00e1dio Jornal de ITABUNA.<\/p><\/div>\n<div id=\"attachment_64006\" style=\"width: 310px\" class=\"wp-caption aligncenter\"><a href=\"http:\/\/www.r2cpress.com.br\/v1\/wp-content\/uploads\/77.jpeg\"><img aria-describedby=\"caption-attachment-64006\" loading=\"lazy\" class=\"size-medium wp-image-64006\" alt=\"O abra\u00e7o do amigo publicit\u00e1rio RUI CARVALHO (ITABUNA).\" src=\"http:\/\/www.r2cpress.com.br\/v1\/wp-content\/uploads\/77-300x237.jpeg\" width=\"300\" height=\"237\" srcset=\"https:\/\/www.r2cpress.com.br\/v1\/wp-content\/uploads\/77-300x237.jpeg 300w, https:\/\/www.r2cpress.com.br\/v1\/wp-content\/uploads\/77.jpeg 700w\" sizes=\"(max-width: 300px) 100vw, 300px\" \/><\/a><p id=\"caption-attachment-64006\" class=\"wp-caption-text\">O abra\u00e7o do amigo publicit\u00e1rio RUI CARVALHO (ITABUNA).<\/p><\/div>\n<div id=\"attachment_64007\" style=\"width: 310px\" class=\"wp-caption aligncenter\"><a href=\"http:\/\/www.r2cpress.com.br\/v1\/wp-content\/uploads\/86.jpeg\"><img aria-describedby=\"caption-attachment-64007\" loading=\"lazy\" class=\"size-medium wp-image-64007\" alt=\"O abra\u00e7o do amigo MANOEL FELIPE DA HORA.\" src=\"http:\/\/www.r2cpress.com.br\/v1\/wp-content\/uploads\/86-300x201.jpeg\" width=\"300\" height=\"201\" srcset=\"https:\/\/www.r2cpress.com.br\/v1\/wp-content\/uploads\/86-300x201.jpeg 300w, https:\/\/www.r2cpress.com.br\/v1\/wp-content\/uploads\/86.jpeg 700w\" sizes=\"(max-width: 300px) 100vw, 300px\" \/><\/a><p id=\"caption-attachment-64007\" class=\"wp-caption-text\">O abra\u00e7o do amigo MANOEL FELIPE DA HORA.<\/p><\/div>\n<div id=\"attachment_64008\" style=\"width: 310px\" class=\"wp-caption aligncenter\"><a href=\"http:\/\/www.r2cpress.com.br\/v1\/wp-content\/uploads\/97.jpeg\"><img aria-describedby=\"caption-attachment-64008\" loading=\"lazy\" class=\"size-medium wp-image-64008\" alt=\"O abra\u00e7o do amigo ROMUALDO PEREIRA.\" src=\"http:\/\/www.r2cpress.com.br\/v1\/wp-content\/uploads\/97-300x225.jpeg\" width=\"300\" height=\"225\" srcset=\"https:\/\/www.r2cpress.com.br\/v1\/wp-content\/uploads\/97-300x225.jpeg 300w, https:\/\/www.r2cpress.com.br\/v1\/wp-content\/uploads\/97.jpeg 700w\" sizes=\"(max-width: 300px) 100vw, 300px\" \/><\/a><p id=\"caption-attachment-64008\" class=\"wp-caption-text\">O abra\u00e7o do amigo ROMUALDO PEREIRA.<\/p><\/div>\n<p>&nbsp;<\/p>\n<h2 style=\"text-align: center;\"><strong><span style=\"color: #6d3e2b;\">AS FOTOS DESTAQUES DA SEMANA<\/span><\/strong><\/h2>\n<p>&nbsp;<\/p>\n<div id=\"attachment_64009\" style=\"width: 310px\" class=\"wp-caption aligncenter\"><a href=\"http:\/\/www.r2cpress.com.br\/v1\/wp-content\/uploads\/107.jpeg\"><img aria-describedby=\"caption-attachment-64009\" loading=\"lazy\" class=\"size-medium wp-image-64009\" alt=\"Dois empres\u00e1rios que ajudaram a CIDADE DE ILH\u00c9US a CRESCER, os saudosos: WATSON NEGREIROS e JESS\u00c9 SOUZA (Foto: d\u00e9cada de 1980).\" src=\"http:\/\/www.r2cpress.com.br\/v1\/wp-content\/uploads\/107-300x227.jpeg\" width=\"300\" height=\"227\" srcset=\"https:\/\/www.r2cpress.com.br\/v1\/wp-content\/uploads\/107-300x227.jpeg 300w, https:\/\/www.r2cpress.com.br\/v1\/wp-content\/uploads\/107.jpeg 700w\" sizes=\"(max-width: 300px) 100vw, 300px\" \/><\/a><p id=\"caption-attachment-64009\" class=\"wp-caption-text\">Dois empres\u00e1rios que ajudaram a CIDADE DE ILH\u00c9US a CRESCER, os saudosos: WATSON NEGREIROS e JESS\u00c9 SOUZA (Foto: d\u00e9cada de 1980).<\/p><\/div>\n<div id=\"attachment_64010\" style=\"width: 310px\" class=\"wp-caption aligncenter\"><a href=\"http:\/\/www.r2cpress.com.br\/v1\/wp-content\/uploads\/118.jpeg\"><img aria-describedby=\"caption-attachment-64010\" loading=\"lazy\" class=\"size-medium wp-image-64010\" alt=\"A chegada dos \u201cHOMENS BRANCOS\u201d \u00e0 ILH\u00c9US. Pintura de JEAN NAGOT, s\u00e9culo XVIII. (Acervo: GUARANI ARARIPE)\" src=\"http:\/\/www.r2cpress.com.br\/v1\/wp-content\/uploads\/118-300x209.jpeg\" width=\"300\" height=\"209\" srcset=\"https:\/\/www.r2cpress.com.br\/v1\/wp-content\/uploads\/118-300x209.jpeg 300w, https:\/\/www.r2cpress.com.br\/v1\/wp-content\/uploads\/118.jpeg 700w\" sizes=\"(max-width: 300px) 100vw, 300px\" \/><\/a><p id=\"caption-attachment-64010\" class=\"wp-caption-text\">A chegada dos \u201cHOMENS BRANCOS\u201d \u00e0 ILH\u00c9US. Pintura de JEAN NAGOT, s\u00e9culo XVIII. (Acervo: GUARANI ARARIPE)<\/p><\/div>\n<div id=\"attachment_64011\" style=\"width: 310px\" class=\"wp-caption aligncenter\"><a href=\"http:\/\/www.r2cpress.com.br\/v1\/wp-content\/uploads\/127.jpeg\"><img aria-describedby=\"caption-attachment-64011\" loading=\"lazy\" class=\"size-medium wp-image-64011\" alt=\"ILH\u00c9US ainda Col\u00f4nia. Pintura de JEAN NAGOT, s\u00e9culo XVIII. (Acervo: GUARANI ARARIPE).\" src=\"http:\/\/www.r2cpress.com.br\/v1\/wp-content\/uploads\/127-300x237.jpeg\" width=\"300\" height=\"237\" srcset=\"https:\/\/www.r2cpress.com.br\/v1\/wp-content\/uploads\/127-300x237.jpeg 300w, https:\/\/www.r2cpress.com.br\/v1\/wp-content\/uploads\/127.jpeg 700w\" sizes=\"(max-width: 300px) 100vw, 300px\" \/><\/a><p id=\"caption-attachment-64011\" class=\"wp-caption-text\">ILH\u00c9US ainda Col\u00f4nia. Pintura de JEAN NAGOT, s\u00e9culo XVIII. (Acervo: GUARANI ARARIPE).<\/p><\/div>\n<div id=\"attachment_64013\" style=\"width: 310px\" class=\"wp-caption aligncenter\"><a href=\"http:\/\/www.r2cpress.com.br\/v1\/wp-content\/uploads\/137.jpeg\"><img aria-describedby=\"caption-attachment-64013\" loading=\"lazy\" class=\"size-medium wp-image-64013\" alt=\"Foto do ABRIGO S\u00c3O VICENTE DE PAULA no bairro da Conquista na d\u00e9cada de 1950. Uma das Entidades Filantr\u00f3picas que conseguiu sobreviver at\u00e9 os dias de hoje. VAMOS AJUDAR! \" src=\"http:\/\/www.r2cpress.com.br\/v1\/wp-content\/uploads\/137-300x196.jpeg\" width=\"300\" height=\"196\" srcset=\"https:\/\/www.r2cpress.com.br\/v1\/wp-content\/uploads\/137-300x196.jpeg 300w, https:\/\/www.r2cpress.com.br\/v1\/wp-content\/uploads\/137.jpeg 700w\" sizes=\"(max-width: 300px) 100vw, 300px\" \/><\/a><p id=\"caption-attachment-64013\" class=\"wp-caption-text\">Foto do ABRIGO S\u00c3O VICENTE DE PAULA no bairro da Conquista na d\u00e9cada de 1950. Uma das Entidades Filantr\u00f3picas que conseguiu sobreviver at\u00e9 os dias de hoje.<br \/>VAMOS AJUDAR!<\/p><\/div>\n<div id=\"attachment_64014\" style=\"width: 310px\" class=\"wp-caption aligncenter\"><a href=\"http:\/\/www.r2cpress.com.br\/v1\/wp-content\/uploads\/145.jpeg\"><img aria-describedby=\"caption-attachment-64014\" loading=\"lazy\" class=\"size-medium wp-image-64014\" alt=\"Neste final de semana (25-04-2013 a 28-04-2013) estamos participando da EXPOABI\u00d3TICA 2013, a maior feira sobre \u00f3tica da Am\u00e9rica Latina. O evento est\u00e1 sendo realizado no CENTER NORTE em S\u00c3O PAULO. Na foto: O amigo paulista ANTONIO SOARES (TONINHO) e JOS\u00c9 LEITE comemorando 39 anos no ramo de \u00d3tica.\" src=\"http:\/\/www.r2cpress.com.br\/v1\/wp-content\/uploads\/145-300x234.jpeg\" width=\"300\" height=\"234\" srcset=\"https:\/\/www.r2cpress.com.br\/v1\/wp-content\/uploads\/145-300x234.jpeg 300w, https:\/\/www.r2cpress.com.br\/v1\/wp-content\/uploads\/145.jpeg 700w\" sizes=\"(max-width: 300px) 100vw, 300px\" \/><\/a><p id=\"caption-attachment-64014\" class=\"wp-caption-text\">Neste final de semana (25-04-2013 a 28-04-2013) estamos participando da EXPOABI\u00d3TICA 2013, a maior feira sobre \u00f3tica da Am\u00e9rica Latina. O evento est\u00e1 sendo realizado no CENTER NORTE em S\u00c3O PAULO. Na foto: O amigo paulista ANTONIO SOARES (TONINHO) e JOS\u00c9 LEITE comemorando 39 anos no ramo de \u00d3tica.<\/p><\/div>\n<p>&nbsp;<\/p>\n<h2 style=\"text-align: center;\"><span style=\"color: #6d3e2b;\">E NO MAIS&#8230;<\/span><\/h2>\n<p>&nbsp;<\/p>\n<div id=\"attachment_64015\" style=\"width: 310px\" class=\"wp-caption aligncenter\"><a href=\"http:\/\/www.r2cpress.com.br\/v1\/wp-content\/uploads\/157.jpeg\"><img aria-describedby=\"caption-attachment-64015\" loading=\"lazy\" class=\"size-medium wp-image-64015\" alt=\"O coment\u00e1rio \u00e9 que o F\u00d3RUM PERMANENTE EM DEFESA DE ILH\u00c9US precisa voltar e atuar. SER\u00c1?\" src=\"http:\/\/www.r2cpress.com.br\/v1\/wp-content\/uploads\/157-300x176.jpeg\" width=\"300\" height=\"176\" srcset=\"https:\/\/www.r2cpress.com.br\/v1\/wp-content\/uploads\/157-300x176.jpeg 300w, https:\/\/www.r2cpress.com.br\/v1\/wp-content\/uploads\/157.jpeg 700w\" sizes=\"(max-width: 300px) 100vw, 300px\" \/><\/a><p id=\"caption-attachment-64015\" class=\"wp-caption-text\">O coment\u00e1rio \u00e9 que o F\u00d3RUM PERMANENTE EM DEFESA DE ILH\u00c9US precisa voltar e atuar. SER\u00c1?<\/p><\/div>\n<p>&#8212;<br \/>\nTexto e fotos: Jos\u00e9 Leite de Souza<br \/>\njleitesouza@hotmail.com<br \/>\n(73) 3634-3134<\/p>\n","protected":false},"excerpt":{"rendered":"<p>1) ILH\u00c9US H\u00c1 55 ANOS ATR\u00c1S, O QUE ILH\u00c9US GANHOU E PERDEU. \u00a02) H\u00c1 21 ANOS ATR\u00c1S, O ABRA\u00c7O DOS MEUS AMIGOS VIVOS E COM MUITA SA\u00daDE. \u00a03) AS FOTOS DESTAQUES DA SEMANA.<\/p>\n","protected":false},"author":2,"featured_media":0,"comment_status":"open","ping_status":"open","sticky":false,"template":"","format":"standard","meta":{"_links_to":"","_links_to_target":""},"categories":[10],"tags":[],"_links":{"self":[{"href":"https:\/\/www.r2cpress.com.br\/v1\/wp-json\/wp\/v2\/posts\/63996"}],"collection":[{"href":"https:\/\/www.r2cpress.com.br\/v1\/wp-json\/wp\/v2\/posts"}],"about":[{"href":"https:\/\/www.r2cpress.com.br\/v1\/wp-json\/wp\/v2\/types\/post"}],"author":[{"embeddable":true,"href":"https:\/\/www.r2cpress.com.br\/v1\/wp-json\/wp\/v2\/users\/2"}],"replies":[{"embeddable":true,"href":"https:\/\/www.r2cpress.com.br\/v1\/wp-json\/wp\/v2\/comments?post=63996"}],"version-history":[{"count":11,"href":"https:\/\/www.r2cpress.com.br\/v1\/wp-json\/wp\/v2\/posts\/63996\/revisions"}],"predecessor-version":[{"id":64023,"href":"https:\/\/www.r2cpress.com.br\/v1\/wp-json\/wp\/v2\/posts\/63996\/revisions\/64023"}],"wp:attachment":[{"href":"https:\/\/www.r2cpress.com.br\/v1\/wp-json\/wp\/v2\/media?parent=63996"}],"wp:term":[{"taxonomy":"category","embeddable":true,"href":"https:\/\/www.r2cpress.com.br\/v1\/wp-json\/wp\/v2\/categories?post=63996"},{"taxonomy":"post_tag","embeddable":true,"href":"https:\/\/www.r2cpress.com.br\/v1\/wp-json\/wp\/v2\/tags?post=63996"}],"curies":[{"name":"wp","href":"https:\/\/api.w.org\/{rel}","templated":true}]}}