{"id":640,"date":"2010-10-24T08:14:17","date_gmt":"2010-10-24T11:14:17","guid":{"rendered":"http:\/\/www.r2cpress.com.br\/v1\/?p=640"},"modified":"2010-10-24T08:14:17","modified_gmt":"2010-10-24T11:14:17","slug":"ana-marcela-leva-o-titulo-da-copa-do-mundo-de-maratonas-aquaticas","status":"publish","type":"post","link":"https:\/\/www.r2cpress.com.br\/v1\/2010\/10\/24\/ana-marcela-leva-o-titulo-da-copa-do-mundo-de-maratonas-aquaticas\/","title":{"rendered":"Ana Marcela leva o t\u00edtulo da Copa do Mundo de maratonas aqu\u00e1ticas"},"content":{"rendered":"<p><div id=\"attachment_641\" style=\"width: 225px\" class=\"wp-caption alignleft\"><a href=\"http:\/\/www.r2cpress.com.br\/v1\/wp-content\/uploads\/marcela_capa23-_-Arquivo-Correio-da-Bahia.jpg\"><img aria-describedby=\"caption-attachment-641\" loading=\"lazy\" src=\"http:\/\/www.r2cpress.com.br\/v1\/wp-content\/uploads\/marcela_capa23-_-Arquivo-Correio-da-Bahia.jpg\" alt=\"\" title=\"20100904AM\" width=\"215\" height=\"241\" class=\"size-full wp-image-641\" \/><\/a><p id=\"caption-attachment-641\" class=\"wp-caption-text\">COPA DO MUNDO. Maratonas aqu\u00e1ticas: baiana Ana Marcela leva o t\u00edtulo de campe\u00e3<\/p><\/div><strong>Brasileira repete o feito da compatriota Poliana Okimoto, em 2009<\/strong><\/p>\n<p>O Brasil continua absoluto nas maratonas aqu\u00e1ticas. Ap\u00f3s o terceiro lugar na oitava etapa do calend\u00e1rio da modalidade, disputada na madrugada deste s\u00e1bado, no Emirado de Al Fujairah, a nadadora Ana Marcela Cunha ficou com o t\u00edtulo de campe\u00e3 da Copa do Mundo e repetiu o feito de Poliana Okimoto, em 2009. <\/p>\n<p>&#8220;Essa prova foi uma das mais dif\u00edceis. Estou muito feliz. Consegui repetir o feito da Poliana, que tamb\u00e9m \u00e9 uma grande atleta&#8221; disse Ana Marcela, em entrevista ao SporTV. <\/p>\n<p>Neste s\u00e1bado, em \u00e1guas beirando os 30 graus, segundo o t\u00e9cnico M\u00e1rcio Latuf, Ana usou a estrat\u00e9gia de se manter no pelot\u00e3o para n\u00e3o se desgastar. A su\u00ed\u00e7a Swamn Oberson ganhou a prova, e a francesa Aurelie Muller ficou com a segunda posi\u00e7\u00e3o, superando a brasileira na batida de m\u00e3o. A alem\u00e3 Angela Maurer, a \u00fanica que poderia ame\u00e7ar o t\u00edtulo de Ana Marcela, terminou em quinto lugar. <\/p>\n<p>&#8220;Desde o come\u00e7o j\u00e1 estava todo mundo sabendo que seria uma prova dif\u00edcil tamb\u00e9m por conta do calor. Consegui me poupar para ag\u00fcentar o sprint final junto com a galera&#8221;, disse a nova campe\u00e3. <\/p>\n<p>Aos 18 anos, Ana Marcela ainda vai competir este ano pelo seu clube, a Unisanta, no Circuito Brasileiro de maratonas aqu\u00e1ticas e ainda provas em piscina como o Brasileiro J\u00fanior, em novembro, e o Torneio Open, em dezembro. &#8220;Descanso s\u00f3 depois de tudo isso&#8221;, brincou.<\/p>\n<p><a HREF = \"http:\/\/www.correio24horas.com.br\/esportes\/detalhes\/detalhes-1\/artigo\/ana-marcela-leva-o-titulo-da-copa-do-mundo-de-maratonas-aquaticas\/\" = TARGET = \"_NEWS\"><b>Reda\u00e7\u00e3o CORREIO DA BAHIA<\/b><\/a><br \/>\n<!--more--><\/p>\n","protected":false},"excerpt":{"rendered":"<p>Brasileira repete o feito da compatriota Poliana Okimoto, em 2009 O Brasil continua absoluto nas maratonas aqu\u00e1ticas. Ap\u00f3s o terceiro lugar na oitava etapa do calend\u00e1rio da modalidade, disputada na madrugada deste s\u00e1bado, no Emirado de Al Fujairah, a nadadora Ana Marcela Cunha ficou com o t\u00edtulo de campe\u00e3 da Copa do Mundo e repetiu [&hellip;]<\/p>\n","protected":false},"author":2,"featured_media":0,"comment_status":"open","ping_status":"open","sticky":false,"template":"","format":"standard","meta":{"_links_to":"","_links_to_target":""},"categories":[11],"tags":[],"_links":{"self":[{"href":"https:\/\/www.r2cpress.com.br\/v1\/wp-json\/wp\/v2\/posts\/640"}],"collection":[{"href":"https:\/\/www.r2cpress.com.br\/v1\/wp-json\/wp\/v2\/posts"}],"about":[{"href":"https:\/\/www.r2cpress.com.br\/v1\/wp-json\/wp\/v2\/types\/post"}],"author":[{"embeddable":true,"href":"https:\/\/www.r2cpress.com.br\/v1\/wp-json\/wp\/v2\/users\/2"}],"replies":[{"embeddable":true,"href":"https:\/\/www.r2cpress.com.br\/v1\/wp-json\/wp\/v2\/comments?post=640"}],"version-history":[{"count":3,"href":"https:\/\/www.r2cpress.com.br\/v1\/wp-json\/wp\/v2\/posts\/640\/revisions"}],"predecessor-version":[{"id":644,"href":"https:\/\/www.r2cpress.com.br\/v1\/wp-json\/wp\/v2\/posts\/640\/revisions\/644"}],"wp:attachment":[{"href":"https:\/\/www.r2cpress.com.br\/v1\/wp-json\/wp\/v2\/media?parent=640"}],"wp:term":[{"taxonomy":"category","embeddable":true,"href":"https:\/\/www.r2cpress.com.br\/v1\/wp-json\/wp\/v2\/categories?post=640"},{"taxonomy":"post_tag","embeddable":true,"href":"https:\/\/www.r2cpress.com.br\/v1\/wp-json\/wp\/v2\/tags?post=640"}],"curies":[{"name":"wp","href":"https:\/\/api.w.org\/{rel}","templated":true}]}}