{"id":64032,"date":"2013-04-26T17:57:38","date_gmt":"2013-04-26T20:57:38","guid":{"rendered":"http:\/\/www.r2cpress.com.br\/v1\/?p=64032"},"modified":"2013-04-26T17:57:38","modified_gmt":"2013-04-26T20:57:38","slug":"deputada-reivindica-ao-ministro-obras-da-fiol-junto-com-o-porto-sul","status":"publish","type":"post","link":"https:\/\/www.r2cpress.com.br\/v1\/2013\/04\/26\/deputada-reivindica-ao-ministro-obras-da-fiol-junto-com-o-porto-sul\/","title":{"rendered":"Deputada reivindica ao ministro obras da Fiol junto com o Porto Sul"},"content":{"rendered":"<p><center><strong> \tAssembleia Legislativa do Estado da Bahia<br \/>\nGabinete da Deputada Estadual \u00c2ngela Sousa (PSD)<br \/>\n038\/2013      Data:\t26.04.13<br \/>\nDeputada reivindica ao ministro obras da Fiol junto com o Porto Sul<\/strong><\/center><\/p>\n<p>Garantir a retomada das obras de constru\u00e7\u00e3o da Ferrovia de Integra\u00e7\u00e3o Oeste Leste e acelerar o processo de implanta\u00e7\u00e3o do Porto Sul, considerando que se tratam de equipamentos fundamentais para o desenvolvimento da Bahia. Essas foram as principais reivindica\u00e7\u00f5es feitas pela deputada estadual \u00c2ngela Sousa (PSD), vice-presidente da Comiss\u00e3o de Infraestrutura, Desenvolvimento Econ\u00f4mico e Turismo e membro titular da Comiss\u00e3o Especial da Ferrovia de Integra\u00e7\u00e3o Oeste-Leste da Assembleia Legislativa da Bahia, ao Ministro dos Transportes, Cesar Borges, durante o semin\u00e1rio \u201cFiol: a Bahia Quer, o Brasil Precisa\u201d, realizado nesta sexta-feira (26), em Barreiras, no oeste baiano.<br \/>\n<div id=\"attachment_64034\" style=\"width: 510px\" class=\"wp-caption aligncenter\"><a href=\"http:\/\/www.r2cpress.com.br\/v1\/wp-content\/uploads\/FIOL_DEP-\u00c2NGELA.jpg\"><img aria-describedby=\"caption-attachment-64034\" loading=\"lazy\" src=\"http:\/\/www.r2cpress.com.br\/v1\/wp-content\/uploads\/FIOL_DEP-\u00c2NGELA.jpg\" alt=\"FIOL_DEP \u00c2NGELA\" width=\"500\" height=\"500\" class=\"size-full wp-image-64034\" srcset=\"https:\/\/www.r2cpress.com.br\/v1\/wp-content\/uploads\/FIOL_DEP-\u00c2NGELA.jpg 500w, https:\/\/www.r2cpress.com.br\/v1\/wp-content\/uploads\/FIOL_DEP-\u00c2NGELA-150x150.jpg 150w, https:\/\/www.r2cpress.com.br\/v1\/wp-content\/uploads\/FIOL_DEP-\u00c2NGELA-300x300.jpg 300w\" sizes=\"(max-width: 500px) 100vw, 500px\" \/><\/a><p id=\"caption-attachment-64034\" class=\"wp-caption-text\">FIOL_DEP \u00c2NGELA<\/p><\/div><br \/>\nDe acordo com a deputada, n\u00e3o existe ferrovia sem porto e nem porto sem ferrovia, da\u00ed a necessidade de se discutir amplamente sobre a implanta\u00e7\u00e3o desses equipamentos, buscando resolver os eventuais entraves que tem atrasado a implanta\u00e7\u00e3o do Completo Intermodal Porto Sul. Cesar Borges disse concordar com a deputada e afirmou que \u00e9 preciso atrelar o porto sul e a ferrovia para que efetivamente se tenha a concretiza\u00e7\u00e3o desse grandioso projeto. &#8220;Recebi esse cargo de ministro cheio de responsabilidades, mas posso garantir que minha maior responsabilidade \u00e9 com a Bahia, e com a FIOL\u201d, disse ele.  Cesar Borges adiantou ainda que a presidenta Dilma Rousseff liberou 700 milh\u00f5es para a constru\u00e7\u00e3o do trecho dos lotes 01 a 04 (Caitit\u00e9 \u00e0 Ilh\u00e9us) da Fiol e n\u00e3o faltar\u00e3o recursos para a conclus\u00e3o do projeto.<\/p>\n<p><!--more--><\/p>\n<p>A ferrovia vai dinamizar o escoamento da produ\u00e7\u00e3o de gr\u00e3os e min\u00e9rios da Bahia, permitindo a liga\u00e7\u00e3o entre o oeste baiano, na divisa com o Tocantins, e o Porto Sul, em Ilh\u00e9us. Dentro do Plano de Acelera\u00e7\u00e3o de Crescimento (PAC), a ferrovia, de 1.527 quil\u00f4metros de extens\u00e3o, envolve investimentos estimados em R$ 7,43 bilh\u00f5es, at\u00e9 2014. E o objetivo do semin\u00e1rio realizado nesta sexta-feira foi justamente discutir a retomada de parte das obras paralisadas em virtude de problemas t\u00e9cnicos e ambientais.<\/p>\n<p>Al\u00e9m do ministro C\u00e9sar Borges, o evento contou ainda com a presen\u00e7a do governador Jaques Wagner, do vice-governador e secret\u00e1rio de Infraestrutura, Otto Alencar, do Ministro da Secretaria dos Portos, Jos\u00e9 Le\u00f4nidas de Menezes Cristino (Portos), deputados estaduais e federais, prefeitos e vereadores de diversos munic\u00edpios baianos, sindicatos, clubes de servi\u00e7os e representantes de diversos segmentos da sociedade civil organizada. Durante o semin\u00e1rio, Jaques Wagner afirmou que a ferrovia \u00e9 de suma import\u00e2ncia n\u00e3o apenas para escoar a produ\u00e7\u00e3o, mas para transportar insumos e fertilizantes at\u00e9 o Oeste baiano. O governador destacou ainda a acelera\u00e7\u00e3o do desenvolvimento, impactando diretamente na economia de 140 munic\u00edpios do estado.<\/p>\n<p>A deputada estadual \u00c2ngela Sousa informou que um dos pontos altos do semin\u00e1rio foi a confirma\u00e7\u00e3o de que as obras est\u00e3o sendo retomadas em diversos trechos, com novas licita\u00e7\u00f5es, atendimento de exig\u00eancias ambientais, conclus\u00e3o de projetos executivos e desapropria\u00e7\u00e3o de \u00e1reas. As provid\u00eancias se concentram no trecho de 536 quil\u00f4metros entre Ilh\u00e9us e Caetit\u00e9, fundamental para o escoamento da minera\u00e7\u00e3o. C\u00e9sar Borges explicou que os estudos t\u00e9cnicos j\u00e1 foram feitos para equacionar as pend\u00eancias que atrapalham o andamento das obras. \u201cEstamos refazendo o projeto executivo, o que permite, no cronograma atual, a entrega da ferrovia at\u00e9 dezembro de 2014\u201d, disse ele.<\/p>\n<p>Partindo de Figueir\u00f3polis (TO), a Fiol vai ligar as cidades de Barreiras, Caetit\u00e9 e Ilh\u00e9us. No total, a ferrovia passa por 49 munic\u00edpios baianos. Al\u00e9m do desenvolvimento dos dois estados, a integra\u00e7\u00e3o com a Ferrovia Norte-Sul vai interligar o Norte (Tocantins e Maranh\u00e3o), o Centro (Goi\u00e1s) e o Nordeste (Bahia), reduzindo o fluxo de caminh\u00f5es e o custo transporte, oferecendo uma nova alternativa de log\u00edstica para portos no Norte do pa\u00eds atendidos pela Ferrovia Norte-Sul e Estrada de Ferro Caraj\u00e1s. Os produtores calculam em 30% a redu\u00e7\u00e3o nos custos com transporte via Fiol.<\/p>\n","protected":false},"excerpt":{"rendered":"<p>Assembleia Legislativa do Estado da Bahia Gabinete da Deputada Estadual \u00c2ngela Sousa (PSD) 038\/2013 Data: 26.04.13 Deputada reivindica ao ministro obras da Fiol junto com o Porto Sul Garantir a retomada das obras de constru\u00e7\u00e3o da Ferrovia de Integra\u00e7\u00e3o Oeste Leste e acelerar o processo de implanta\u00e7\u00e3o do Porto Sul, considerando que se tratam de [&hellip;]<\/p>\n","protected":false},"author":2,"featured_media":0,"comment_status":"open","ping_status":"open","sticky":false,"template":"","format":"standard","meta":{"_links_to":"","_links_to_target":""},"categories":[22],"tags":[],"_links":{"self":[{"href":"https:\/\/www.r2cpress.com.br\/v1\/wp-json\/wp\/v2\/posts\/64032"}],"collection":[{"href":"https:\/\/www.r2cpress.com.br\/v1\/wp-json\/wp\/v2\/posts"}],"about":[{"href":"https:\/\/www.r2cpress.com.br\/v1\/wp-json\/wp\/v2\/types\/post"}],"author":[{"embeddable":true,"href":"https:\/\/www.r2cpress.com.br\/v1\/wp-json\/wp\/v2\/users\/2"}],"replies":[{"embeddable":true,"href":"https:\/\/www.r2cpress.com.br\/v1\/wp-json\/wp\/v2\/comments?post=64032"}],"version-history":[{"count":3,"href":"https:\/\/www.r2cpress.com.br\/v1\/wp-json\/wp\/v2\/posts\/64032\/revisions"}],"predecessor-version":[{"id":64036,"href":"https:\/\/www.r2cpress.com.br\/v1\/wp-json\/wp\/v2\/posts\/64032\/revisions\/64036"}],"wp:attachment":[{"href":"https:\/\/www.r2cpress.com.br\/v1\/wp-json\/wp\/v2\/media?parent=64032"}],"wp:term":[{"taxonomy":"category","embeddable":true,"href":"https:\/\/www.r2cpress.com.br\/v1\/wp-json\/wp\/v2\/categories?post=64032"},{"taxonomy":"post_tag","embeddable":true,"href":"https:\/\/www.r2cpress.com.br\/v1\/wp-json\/wp\/v2\/tags?post=64032"}],"curies":[{"name":"wp","href":"https:\/\/api.w.org\/{rel}","templated":true}]}}