{"id":64041,"date":"2013-04-26T19:31:12","date_gmt":"2013-04-26T22:31:12","guid":{"rendered":"http:\/\/www.r2cpress.com.br\/v1\/?p=64041"},"modified":"2013-04-26T19:31:12","modified_gmt":"2013-04-26T22:31:12","slug":"demolida-construcao-irregular-no-hernani-sa-em-ilheus","status":"publish","type":"post","link":"https:\/\/www.r2cpress.com.br\/v1\/2013\/04\/26\/demolida-construcao-irregular-no-hernani-sa-em-ilheus\/","title":{"rendered":"Demolida constru\u00e7\u00e3o irregular no Hernani S\u00e1, em Ilh\u00e9us"},"content":{"rendered":"<p>O setor de Fiscaliza\u00e7\u00e3o Ambiental da Secretaria de Meio Ambiente e Urbanismo de Ilh\u00e9us (Semau) demoliu, na manh\u00e3 desta sexta-feira, 26, uma constru\u00e7\u00e3o irregular localizada na Central de Abastecimento da Zona Sul, no bairro Hernani S\u00e1 (Urbis). Erguida em cima de um ponto comercial em total desacordo com a Lei 2.048\/80 e com o pr\u00f3prio C\u00f3digo de Posturas do Munic\u00edpio, a constru\u00e7\u00e3o encontrava-se em fase de acabamento e, segundo o chefe do setor, Paulo Fonseca, aparentemente seria destinada \u00e0 moradia.<\/p>\n<div id=\"attachment_64042\" style=\"width: 514px\" class=\"wp-caption aligncenter\"><a href=\"http:\/\/www.r2cpress.com.br\/v1\/wp-content\/uploads\/demoli\u00e7\u00e3o-pmi.jpg\"><img aria-describedby=\"caption-attachment-64042\" loading=\"lazy\" src=\"http:\/\/www.r2cpress.com.br\/v1\/wp-content\/uploads\/demoli\u00e7\u00e3o-pmi.jpg\" alt=\"A\u00e7\u00e3o corresponde ao processo de reordenamento do uso e ocupa\u00e7\u00e3o do solo - Foto Gidelzo Silva - Secom-Ilh\u00e9us.\" width=\"504\" height=\"504\" class=\"size-full wp-image-64042\" srcset=\"https:\/\/www.r2cpress.com.br\/v1\/wp-content\/uploads\/demoli\u00e7\u00e3o-pmi.jpg 504w, https:\/\/www.r2cpress.com.br\/v1\/wp-content\/uploads\/demoli\u00e7\u00e3o-pmi-150x150.jpg 150w, https:\/\/www.r2cpress.com.br\/v1\/wp-content\/uploads\/demoli\u00e7\u00e3o-pmi-300x300.jpg 300w\" sizes=\"(max-width: 504px) 100vw, 504px\" \/><\/a><p id=\"caption-attachment-64042\" class=\"wp-caption-text\">A\u00e7\u00e3o corresponde ao processo de reordenamento do uso e ocupa\u00e7\u00e3o do solo &#8211; Foto Gidelzo Silva &#8211; Secom-Ilh\u00e9us.<\/p><\/div>\n<p>Participaram da a\u00e7\u00e3o 20 servidores da Semau, al\u00e9m de agentes da Guarda Municipal e da 69\u00aa Companhia Independente da Pol\u00edcia Militar (CIPM). A interven\u00e7\u00e3o tamb\u00e9m teve o suporte log\u00edstico de um caminh\u00e3o, uma ca\u00e7amba e uma retroescavadeira. Paulo Fonseca informa que o propriet\u00e1rio da constru\u00e7\u00e3o irregular foi notificado no \u00faltimo dia 12 de abril, mas n\u00e3o cumpriu o prazo de oito dias para derrubar o im\u00f3vel.<\/p>\n<p>De acordo com o titular da Semau, Ant\u00f4nio Vieira, a\u00e7\u00f5es como essa acontecem no \u00e2mbito do processo de reordenamento das quest\u00f5es ligadas ao uso e \u00e0 ocupa\u00e7\u00e3o do solo. \u201cN\u00e3o podemos permitir que os interesses particulares se sobreponham aos interesses coletivos e ao pr\u00f3prio conjunto de leis que disciplina o setor\u201d, afirma. O secret\u00e1rio lembra que o im\u00f3vel demolido pela Prefeitura de Ilh\u00e9us n\u00e3o possu\u00eda alvar\u00e1 de constru\u00e7\u00e3o, o que fere o C\u00f3digo de Posturas do Munic\u00edpio.<\/p>\n<p>O vice-prefeito e secret\u00e1rio da Ind\u00fastria e Com\u00e9rcio de Ilh\u00e9us, Carlos Machado (Cac\u00e1), informa que o governo municipal segue envidando esfor\u00e7os para melhorar as condi\u00e7\u00f5es de trabalho dos comerciantes das centrais de abastecimento da Urbis e do Malhado. \u201cNo caso da Central do Hernani S\u00e1, estamos buscando recursos, junto aos governos Estadual e Federal, para viabilizar a substitui\u00e7\u00e3o da cobertura\u201d, afirma.<\/p>\n<p>&#8212;<br \/>\nSecretaria de Comunica\u00e7\u00e3o Social (Secom)<br \/>\nIlh\u00e9us \u2013 26.04.2013<\/p>\n","protected":false},"excerpt":{"rendered":"<p>O setor de Fiscaliza\u00e7\u00e3o Ambiental da Secretaria de Meio Ambiente e Urbanismo de Ilh\u00e9us (Semau) demoliu, na manh\u00e3 desta sexta-feira, 26, uma constru\u00e7\u00e3o irregular localizada na Central de Abastecimento da Zona Sul, no bairro Hernani S\u00e1 (Urbis). Erguida em cima de um ponto comercial em total desacordo com a Lei 2.048\/80 e com o pr\u00f3prio [&hellip;]<\/p>\n","protected":false},"author":2,"featured_media":0,"comment_status":"open","ping_status":"open","sticky":false,"template":"","format":"standard","meta":{"_links_to":"","_links_to_target":""},"categories":[23],"tags":[],"_links":{"self":[{"href":"https:\/\/www.r2cpress.com.br\/v1\/wp-json\/wp\/v2\/posts\/64041"}],"collection":[{"href":"https:\/\/www.r2cpress.com.br\/v1\/wp-json\/wp\/v2\/posts"}],"about":[{"href":"https:\/\/www.r2cpress.com.br\/v1\/wp-json\/wp\/v2\/types\/post"}],"author":[{"embeddable":true,"href":"https:\/\/www.r2cpress.com.br\/v1\/wp-json\/wp\/v2\/users\/2"}],"replies":[{"embeddable":true,"href":"https:\/\/www.r2cpress.com.br\/v1\/wp-json\/wp\/v2\/comments?post=64041"}],"version-history":[{"count":2,"href":"https:\/\/www.r2cpress.com.br\/v1\/wp-json\/wp\/v2\/posts\/64041\/revisions"}],"predecessor-version":[{"id":64044,"href":"https:\/\/www.r2cpress.com.br\/v1\/wp-json\/wp\/v2\/posts\/64041\/revisions\/64044"}],"wp:attachment":[{"href":"https:\/\/www.r2cpress.com.br\/v1\/wp-json\/wp\/v2\/media?parent=64041"}],"wp:term":[{"taxonomy":"category","embeddable":true,"href":"https:\/\/www.r2cpress.com.br\/v1\/wp-json\/wp\/v2\/categories?post=64041"},{"taxonomy":"post_tag","embeddable":true,"href":"https:\/\/www.r2cpress.com.br\/v1\/wp-json\/wp\/v2\/tags?post=64041"}],"curies":[{"name":"wp","href":"https:\/\/api.w.org\/{rel}","templated":true}]}}