{"id":6405,"date":"2011-01-12T11:17:11","date_gmt":"2011-01-12T14:17:11","guid":{"rendered":"http:\/\/www.r2cpress.com.br\/v1\/?p=6405"},"modified":"2011-01-12T11:17:11","modified_gmt":"2011-01-12T14:17:11","slug":"dom-murilo-krieger-e-nomeado-o-arcebispo-de-salvador-e-primaz-do-brasil","status":"publish","type":"post","link":"https:\/\/www.r2cpress.com.br\/v1\/2011\/01\/12\/dom-murilo-krieger-e-nomeado-o-arcebispo-de-salvador-e-primaz-do-brasil\/","title":{"rendered":"Dom Murilo Krieger \u00e9 nomeado o arcebispo de Salvador e primaz do Brasil"},"content":{"rendered":"<p><strong>Religioso substituir\u00e1 o cardeal Geraldo Majella Agnelo, 77 anos<\/strong><\/p>\n<p><div style=\"width: 210px\" class=\"wp-caption alignright\"><img loading=\"lazy\" alt=\"O novo arcebispo assume a partir do dia 25 de mar\u00e7o (Foto: Divulga\u00e7\u00e3o).\" src=\"http:\/\/www.correio24horas.com.br\/fileadmin\/user_upload\/tt_news\/pics\/BISPO_MODO2.jpg\" title=\"O novo arcebispo assume a partir do dia 25 de mar\u00e7o (Foto: Divulga\u00e7\u00e3o).\" width=\"200\" height=\"255\" \/><p class=\"wp-caption-text\">O novo arcebispo assume a partir do dia 25 de mar\u00e7o (Foto: Divulga\u00e7\u00e3o).<\/p><\/div>O Vaticano anunciou na manh\u00e3 desta quarta-feira (12), o nome do novo arcebispo de Salvador e primaz do Brasil, que substituir\u00e1 o cardeal Geraldo Majella Agnelo, 77 anos. O escolhido foi dom Murilo Krieger, 67 anos, de Florian\u00f3polis.<\/p>\n<p>Majella renunciou em mar\u00e7o de 2009, por limite de idade (75 anos). Segundo informa\u00e7\u00f5es da TV Bahia, o novo arcebispo assume a partir do dia 25 de mar\u00e7o. O t\u00edtulo de primaz cabe ao arcebispo de Salvador pela cidade ter recebido a primeira diocese criada no Brasil.<\/p>\n<p>Dom Murilo Krieger tem 40 anos de sacerd\u00f3cio. Catarinense de Brusque, onde nasceu a 19 de setembro de 1943, dom Murilo teve a voca\u00e7\u00e3o sacerdotal despertada ainda quando crian\u00e7a. Ele \u00e9 o sexto filho de nove irm\u00e3os, de uma tradicional fam\u00edlia brusquense.<\/p>\n<p>&#8212;<br \/>\nReda\u00e7\u00e3o <a href = \"http:\/\/www.correio24horas.com.br\/noticias\/detalhes\/detalhes-1\/artigo\/dom-murilo-krieger-e-nomeado-o-arcebispo-de-salvador-e-primaz-do-brasil\/\" target = \"_news\"><b>CORREIO DA BAHIA<\/b><\/a><\/p>\n","protected":false},"excerpt":{"rendered":"<p>Religioso substituir\u00e1 o cardeal Geraldo Majella Agnelo, 77 anos O Vaticano anunciou na manh\u00e3 desta quarta-feira (12), o nome do novo arcebispo de Salvador e primaz do Brasil, que substituir\u00e1 o cardeal Geraldo Majella Agnelo, 77 anos. O escolhido foi dom Murilo Krieger, 67 anos, de Florian\u00f3polis. Majella renunciou em mar\u00e7o de 2009, por limite [&hellip;]<\/p>\n","protected":false},"author":2,"featured_media":0,"comment_status":"open","ping_status":"open","sticky":false,"template":"","format":"standard","meta":{"_links_to":"","_links_to_target":""},"categories":[13],"tags":[],"_links":{"self":[{"href":"https:\/\/www.r2cpress.com.br\/v1\/wp-json\/wp\/v2\/posts\/6405"}],"collection":[{"href":"https:\/\/www.r2cpress.com.br\/v1\/wp-json\/wp\/v2\/posts"}],"about":[{"href":"https:\/\/www.r2cpress.com.br\/v1\/wp-json\/wp\/v2\/types\/post"}],"author":[{"embeddable":true,"href":"https:\/\/www.r2cpress.com.br\/v1\/wp-json\/wp\/v2\/users\/2"}],"replies":[{"embeddable":true,"href":"https:\/\/www.r2cpress.com.br\/v1\/wp-json\/wp\/v2\/comments?post=6405"}],"version-history":[{"count":3,"href":"https:\/\/www.r2cpress.com.br\/v1\/wp-json\/wp\/v2\/posts\/6405\/revisions"}],"predecessor-version":[{"id":6408,"href":"https:\/\/www.r2cpress.com.br\/v1\/wp-json\/wp\/v2\/posts\/6405\/revisions\/6408"}],"wp:attachment":[{"href":"https:\/\/www.r2cpress.com.br\/v1\/wp-json\/wp\/v2\/media?parent=6405"}],"wp:term":[{"taxonomy":"category","embeddable":true,"href":"https:\/\/www.r2cpress.com.br\/v1\/wp-json\/wp\/v2\/categories?post=6405"},{"taxonomy":"post_tag","embeddable":true,"href":"https:\/\/www.r2cpress.com.br\/v1\/wp-json\/wp\/v2\/tags?post=6405"}],"curies":[{"name":"wp","href":"https:\/\/api.w.org\/{rel}","templated":true}]}}