{"id":64060,"date":"2013-04-27T13:00:57","date_gmt":"2013-04-27T16:00:57","guid":{"rendered":"http:\/\/www.r2cpress.com.br\/v1\/?p=64060"},"modified":"2013-04-27T13:00:57","modified_gmt":"2013-04-27T16:00:57","slug":"demarcacao-a-hora-e-a-vez-da-associacao","status":"publish","type":"post","link":"https:\/\/www.r2cpress.com.br\/v1\/2013\/04\/27\/demarcacao-a-hora-e-a-vez-da-associacao\/","title":{"rendered":"DEMARCA\u00c7\u00c3O: A HORA E A VEZ DA ASSOCIA\u00c7\u00c3O."},"content":{"rendered":"<p><em><strong>\u00a0Por Edgard Siqueira<\/strong><\/em><\/p>\n<p><img loading=\"lazy\" class=\"alignright\" alt=\"\" src=\"http:\/\/www.r2cpress.com.br\/v1\/wp-content\/uploads\/Edgarg-Freitas-de-Siqueira-300x240.jpg\" width=\"300\" height=\"240\" \/>A nossa saga em postar mat\u00e9rias teve como principal finalidade mostrar \u00e0s pessoas afetadas com documentos e reportagens o qu\u00e3o equivocado era a condu\u00e7\u00e3o do nosso processo. Uma saga que manteve a esperan\u00e7a de que as pessoas a partir do conhecimento pudessem intervir na defesa dos seus interesses, e cobrasse, no m\u00ednimo, as raz\u00f5es que justificavam a condu\u00e7\u00e3o do nosso processo de maneira diferenciada de todos que lutam contra esta injusti\u00e7a Brasil afora.<\/p>\n<p>Enquanto isso, de forma dissidente, lutamos de todas as formas para manter o nosso processo distante das m\u00e3os do Ministro da Justi\u00e7a. E conseguimos este intento atrav\u00e9s de <b>LIMINARES<\/b> sofridamente conseguidas com o apoio de poucos e a <b>PERSEGUI\u00c7\u00c3O INFAME E CALUNIOSA DE MUITOS.<\/b> Mesmo assim, durante quase tr\u00eas anos, todos afetados, sem exce\u00e7\u00e3o, foram beneficiados pelas Liminares t\u00e3o injustamente desqualificadas.<\/p>\n<p>E agora vivemos um momento delicad\u00edssimo e de muita apreens\u00e3o. Da nossa parte muito maior, por que sabemos como <b>BARRAR<\/b> o processo e n\u00e3o temos por pura vaidade e teimosia o apoio daqueles que tomaram as r\u00e9deas da condu\u00e7\u00e3o do processo. E com esta teimosia abdicaram de uma estrat\u00e9gia sem atropelos de ultima hora, fazendo com que fiquemos no fio da navalha, como estamos agora, correndo contra o tempo, vivendo com um <b>STRESS<\/b> de matar.<\/p>\n<p><!--more--><\/p>\n<p>Al\u00e9m de postar mat\u00e9rias, desenvolvemos um trabalho de convencimento corpo a corpo que estava ganhando adeptos, a ponto de criarmos <b>UM GRUPO ALTERNATIVO,<\/b> n\u00e3o para dividir, mas com a possibilidade com a for\u00e7a dos argumentos buscar a <b>UNIDADE<\/b>, que foi tentada sem sucesso, quando convidamos a <b>ASSOCIA\u00c7\u00c3O<\/b> a apresentarmos juntos, uma <b>NOVA DEFESA QUALIFICADA<\/b> e que apoiassem a estrat\u00e9gia das <b>LIMINARES SUCESSIVAS<\/b>. Assim que uma perdesse a sua validade a outra j\u00e1 estaria engatilhada. <b>PREVALECEU A TEIMOSIA<\/b>.<\/p>\n<p>E o pior que este <b>GRUPO ALTERNATIVO<\/b> foi desfeito e todo avan\u00e7o conquistado foi para o ralo, quando um <b>CHEFE DE UM CL\u00c3<\/b>, que eram maioria no <b>GRUPO<\/b>, foi oportunamente atra\u00eddo pelas <b>FALACIAS MENTIROSAS<\/b> proferidas quando da ocupa\u00e7\u00e3o mam\u00e3o com a\u00e7\u00facar do <b>AEROPORTO<\/b> e resolveu acompanhar a maioria e embarcou junto no<b> TITANIC DAS ILUS\u00d5ES<\/b>, que pela condu\u00e7\u00e3o negligente do seu comandante terminou <b>AFUNDANDO. <\/b>Restando-nos este espa\u00e7o democr\u00e1tico do R2CPRESS, que petulantemente mergulhamos numa \u00e1rea at\u00e9 ent\u00e3o desconhecida, a de escrever mat\u00e9rias informativas.<\/p>\n<p>Mas, agora, de forma cristalina, quase que tardiamente, <b>A VERDADE<\/b> prevaleceu, e tudo aquilo que defend\u00edamos e discord\u00e1vamos se configurou. A Associa\u00e7\u00e3o n\u00e3o tinha nenhuma estrat\u00e9gia e nem nenhuma defesa preparada e teimosamente at\u00e9 a semana passada acreditava numa \u201c<b>Solu\u00e7\u00e3o Politica<\/b>\u201d. S\u00f3 t\u00ednhamos apenas um in\u00f3cuo discurso solo, repleto de vaidades, que conseguiu enganar a quase todos.<\/p>\n<p>Na semana que passou recebemos um telefonema de interesse da Associa\u00e7\u00e3o de uma pessoa que n\u00e3o comunga com as suas diretrizes, inclusive foi um importante colaborador da ultima <b>LIMINAR<\/b>. Na ocasi\u00e3o foi solicitada a nossa participa\u00e7\u00e3o que \u201cse era poss\u00edvel informar nomes para uma <b>NOVA A\u00c7\u00c3O<\/b>, por que a panela estava esquentando do outro lado\u201d. De pronto disse que enviaria via e-mail os nomes mais vi\u00e1veis pela urg\u00eancia do momento. Passado alguns dias, via e-mail o questionei se algum dos nomes foi aceito, caso contrario, enviaria outros.<\/p>\n<p>Pois bem, este \u00e9 o momento de juntarmos os cacos e cada um d\u00e1 o m\u00e1ximo que pode para barrarmos este processo. Temos que descruzar os bra\u00e7os e sairmos desta <b>ZONA DE CONFORTO.<\/b> Temos que solidariamente chamarmos a responsabilidade. N\u00e3o podemos mais ficar esperando que hum resolva sozinho. Vimos que a procura\u00e7\u00e3o passada em branco frustrou as nossas expectativas. S\u00f3 que a <b>BOLA DA VEZ<\/b> est\u00e1 com a <b>ASSOCIA\u00c7\u00c3O<\/b>, s\u00f3 ela no momento est\u00e1 em condi\u00e7\u00f5es de executar esta tarefa. E se n\u00e3o o fizer, estaremos <b>IRREMEDIAVELMENTE PRECOCEMENTE DERROTADOS. <\/b>J\u00e1 passou da hora, mas ainda h\u00e1 tempo de mudarmos o rumo da condu\u00e7\u00e3o equivocada do nosso processo.<\/p>\n<p>Para finalizar, mesmo estando ainda acamado e usando uma sonda, nos colocamos \u00e0 disposi\u00e7\u00e3o para contribuir com o que for da nossa possibilidade. Sem falsa mod\u00e9stia, sabemos que de alguma maneira podemos. Daqui vamos ficar na torcida para que desta vez a Associa\u00e7\u00e3o fa\u00e7a o que at\u00e9 agora n\u00e3o fez. <b>O TEMPO URGE<\/b>.<\/p>\n<p>&nbsp;<\/p>\n","protected":false},"excerpt":{"rendered":"<p>\u00a0Por Edgard Siqueira A nossa saga em postar mat\u00e9rias teve como principal finalidade mostrar \u00e0s pessoas afetadas com documentos e reportagens o qu\u00e3o equivocado era a condu\u00e7\u00e3o do nosso processo. Uma saga que manteve a esperan\u00e7a de que as pessoas a partir do conhecimento pudessem intervir na defesa dos seus interesses, e cobrasse, no m\u00ednimo, [&hellip;]<\/p>\n","protected":false},"author":2,"featured_media":0,"comment_status":"open","ping_status":"open","sticky":false,"template":"","format":"standard","meta":{"_links_to":"","_links_to_target":""},"categories":[10],"tags":[],"_links":{"self":[{"href":"https:\/\/www.r2cpress.com.br\/v1\/wp-json\/wp\/v2\/posts\/64060"}],"collection":[{"href":"https:\/\/www.r2cpress.com.br\/v1\/wp-json\/wp\/v2\/posts"}],"about":[{"href":"https:\/\/www.r2cpress.com.br\/v1\/wp-json\/wp\/v2\/types\/post"}],"author":[{"embeddable":true,"href":"https:\/\/www.r2cpress.com.br\/v1\/wp-json\/wp\/v2\/users\/2"}],"replies":[{"embeddable":true,"href":"https:\/\/www.r2cpress.com.br\/v1\/wp-json\/wp\/v2\/comments?post=64060"}],"version-history":[{"count":3,"href":"https:\/\/www.r2cpress.com.br\/v1\/wp-json\/wp\/v2\/posts\/64060\/revisions"}],"predecessor-version":[{"id":64064,"href":"https:\/\/www.r2cpress.com.br\/v1\/wp-json\/wp\/v2\/posts\/64060\/revisions\/64064"}],"wp:attachment":[{"href":"https:\/\/www.r2cpress.com.br\/v1\/wp-json\/wp\/v2\/media?parent=64060"}],"wp:term":[{"taxonomy":"category","embeddable":true,"href":"https:\/\/www.r2cpress.com.br\/v1\/wp-json\/wp\/v2\/categories?post=64060"},{"taxonomy":"post_tag","embeddable":true,"href":"https:\/\/www.r2cpress.com.br\/v1\/wp-json\/wp\/v2\/tags?post=64060"}],"curies":[{"name":"wp","href":"https:\/\/api.w.org\/{rel}","templated":true}]}}