{"id":64087,"date":"2013-04-28T08:03:36","date_gmt":"2013-04-28T11:03:36","guid":{"rendered":"http:\/\/www.r2cpress.com.br\/v1\/?p=64087"},"modified":"2013-04-28T08:03:36","modified_gmt":"2013-04-28T11:03:36","slug":"1o-de-maio-torneio-capitao-pasta","status":"publish","type":"post","link":"https:\/\/www.r2cpress.com.br\/v1\/2013\/04\/28\/1o-de-maio-torneio-capitao-pasta\/","title":{"rendered":"1\u00ba de MAIO: TORNEIO CAPIT\u00c3O PASTA"},"content":{"rendered":"<p><img loading=\"lazy\" class=\"alignleft\" alt=\"\" src=\"http:\/\/www.r2cpress.com.br\/v1\/wp-content\/uploads\/CART%C3%83O-HECKEL-AVEP-300x115.jpg\" width=\"300\" height=\"115\" \/>O promoter <b><i>ZEZINHO DA BAIXA FRIA vem confirmar o Torneio de futebol na praia da Av. Soares Lopes, imedia\u00e7\u00f5es do Ed. Santa Clara, e <\/i><\/b>reiterar a contribui\u00e7\u00e3o dos convidados: <b><i>$25,00 (vinte e cinco reais)<\/i><\/b> para despesas de comida e bebida e de um presente a ser oferecido a <b><i>Deilton Nery de Oliveira<\/i><\/b>, conhecido como <b><i>Capit\u00e3o Pasta<\/i><\/b>.<\/p>\n<p>Como o curr\u00edculo do ex-atleta <b><i>Capit\u00e3o Pasta<\/i><\/b> repercutiu, deu Ibope, como se diz, o promoter achou por bem divulg\u00e1-lo novamente como a seguir:<\/p>\n<p><b><i>Deilton Nery de Oliveira<\/i><\/b><i>, conhecido tamb\u00e9m como Capit\u00e3o Pasta nasceu em <b>Itaju\u00edpe<\/b> e ainda pequeno veio morar em <b>Ilh\u00e9us<\/b> no <b>bairro do Malhado<\/b>. Aos 16 anos foi revelado para o futebol pelo ent\u00e3o \u2018<b>revelador de talentos\u2019<\/b> da cidade, <b>Antonio Cibica<\/b>. Atuou em clubes como <b>Brasil, Vit\u00f3ria, Vitorinha, Vasco<\/b>, todos da antiga safra ilheense. Indo para o Rio de Janeiro atuou no <b>Olaria<\/b>. Por isso seus amigos mais chegados gostam sempre de frisar que o <b>Capit\u00e3o Pasta<\/b> foi um dos atletas \u2018<b>sulbaiano\u2019<\/b> a pisar no gramado do velho <b>Maracan\u00e3<\/b>.\u00a0\u00a0 Com a idade chegando parou de jogar, mas n\u00e3o deixou o futebol, pois se dedicou a arbitragem, fazendo parte inclusive do quadro de \u00e1rbitros da Federa\u00e7\u00e3o Baiana de Futebol. <\/i><\/p>\n<p><i>No seu time de amigos, tamb\u00e9m chamado de \u201c<b>Clube do Bolinha<\/b>\u201d, pela amizade ferrenha existente, podem ser citados, conforme depoimento de um dos remanescentes, entre muitos outros, claro, o <b>goleiro Zeca, o goleiro Hamilton<\/b> (conhecido como <b>Guinho<\/b> \u2013\u00a0 e que se destacou em v\u00e1rias agremia\u00e7\u00f5es profissionais baianas ) e o finado <b>Dave<\/b>. <\/i><\/p>\n<p><i>Capit\u00e3o Pasta hoje tem 61 anos de idade e mora no bairro Teot\u00f4nio Vilela, aqui em Ilh\u00e9us.\u00a0 <\/i><\/p>\n<p><i>\u00a0<\/i><\/p>\n<p>Por Heckel Janu\u00e1rio<\/p>\n","protected":false},"excerpt":{"rendered":"<p>O promoter ZEZINHO DA BAIXA FRIA vem confirmar o Torneio de futebol na praia da Av. Soares Lopes, imedia\u00e7\u00f5es do Ed. Santa Clara, e reiterar a contribui\u00e7\u00e3o dos convidados: $25,00 (vinte e cinco reais) para despesas de comida e bebida e de um presente a ser oferecido a Deilton Nery de Oliveira, conhecido como Capit\u00e3o [&hellip;]<\/p>\n","protected":false},"author":2,"featured_media":0,"comment_status":"open","ping_status":"open","sticky":false,"template":"","format":"standard","meta":{"_links_to":"","_links_to_target":""},"categories":[11],"tags":[],"_links":{"self":[{"href":"https:\/\/www.r2cpress.com.br\/v1\/wp-json\/wp\/v2\/posts\/64087"}],"collection":[{"href":"https:\/\/www.r2cpress.com.br\/v1\/wp-json\/wp\/v2\/posts"}],"about":[{"href":"https:\/\/www.r2cpress.com.br\/v1\/wp-json\/wp\/v2\/types\/post"}],"author":[{"embeddable":true,"href":"https:\/\/www.r2cpress.com.br\/v1\/wp-json\/wp\/v2\/users\/2"}],"replies":[{"embeddable":true,"href":"https:\/\/www.r2cpress.com.br\/v1\/wp-json\/wp\/v2\/comments?post=64087"}],"version-history":[{"count":3,"href":"https:\/\/www.r2cpress.com.br\/v1\/wp-json\/wp\/v2\/posts\/64087\/revisions"}],"predecessor-version":[{"id":64090,"href":"https:\/\/www.r2cpress.com.br\/v1\/wp-json\/wp\/v2\/posts\/64087\/revisions\/64090"}],"wp:attachment":[{"href":"https:\/\/www.r2cpress.com.br\/v1\/wp-json\/wp\/v2\/media?parent=64087"}],"wp:term":[{"taxonomy":"category","embeddable":true,"href":"https:\/\/www.r2cpress.com.br\/v1\/wp-json\/wp\/v2\/categories?post=64087"},{"taxonomy":"post_tag","embeddable":true,"href":"https:\/\/www.r2cpress.com.br\/v1\/wp-json\/wp\/v2\/tags?post=64087"}],"curies":[{"name":"wp","href":"https:\/\/api.w.org\/{rel}","templated":true}]}}