{"id":64098,"date":"2013-04-28T19:50:32","date_gmt":"2013-04-28T22:50:32","guid":{"rendered":"http:\/\/www.r2cpress.com.br\/v1\/?p=64098"},"modified":"2013-04-28T19:50:32","modified_gmt":"2013-04-28T22:50:32","slug":"suspeitos-confessaram-assassinato-de-dentista-diz-policia","status":"publish","type":"post","link":"https:\/\/www.r2cpress.com.br\/v1\/2013\/04\/28\/suspeitos-confessaram-assassinato-de-dentista-diz-policia\/","title":{"rendered":"Suspeitos confessaram assassinato de dentista, diz pol\u00edcia"},"content":{"rendered":"<h3>Delegado geral afimou que os tr\u00eas presos disseram ter participado de crime em S\u00e3o Bernardo do Campo<\/h3>\n<p>O delegado geral da Pol\u00edcia Civil, Luiz Maur\u00edcio Blazeck, afirmou na tarde deste s\u00e1bado, 27, que os tr\u00eas suspeitos presos na madrugada j\u00e1 confessaram participa\u00e7\u00e3o na morte da dentista Cinthya Magaly Moutinho de Souza, de 47 anos, em S\u00e3o Bernardo do Campo, na quinta-feira, 25. Um adolescente de 17 anos \u00e9 apontado como a pessoa que jogou \u00e1lcool e ateou fogo na v\u00edtima em seu consult\u00f3rio.<\/p>\n<p>&#8220;Todos confessaram a pr\u00e1tica do crime em S\u00e3o Bernardo e outros&#8221;, disse Blazeck em coletiva na sede da Secretaria Estadual da Seguran\u00e7a P\u00fablica (SSP), no centro da capital. Ainda de acordo com ele, os criminosos, antes de atearem fogo em Cinthya, a amea\u00e7aram com um isqueiro eenquanto ela estava coberta de \u00e1lcool, &#8220;para que ela cedesse bens de patrim\u00f4nio&#8221;. Ele ressaltou que um anel da dentista, encontrado na carteira de um dos apreendidos na a\u00e7\u00e3o policial n\u00e3o deixa d\u00favida de seu envolvimento no crime.<\/p>\n<p>A pol\u00edcia disse tamb\u00e9m que a v\u00edtima estava com as m\u00e3os amarradas por tr\u00e1s das costas, enquanto um dos suspeitos, Victor Miguel Souza Silva, de 24 anos, apontado como o l\u00edder do grupo, trocava o isqueiro com um adolescente que tamb\u00e9m participou do crime. &#8220;O jovem conta (o epis\u00f3dio) como se fosse o cap\u00edtulo de uma novela&#8221;, disse a delegada Elisabete Sato, diretora do Departamento de Homic\u00eddios e de Prote\u00e7\u00e3o \u00e0 Pessoa (DHPP). Ela afirmou que ele completa 18 anos em junho.<\/p>\n<p>Ainda segundo a delegada, quando o grupo recebeu a informa\u00e7\u00e3o de que Cinthya tinha apenas R$ 30 em sua conta banc\u00e1ria, o adolescente ficou irritado e ateou fogo na v\u00edtima com o isqueiro. Ela definiu o jogo em que o isqueiro era passado entre os dois criminosos amea\u00e7adoramente pr\u00f3ximo \u00e0 dentista coberta de \u00e1lcool como &#8220;tortura&#8221;.<\/p>\n<p><!--more--><\/p>\n<p>Todos os suspeitos foram presos na Favela Santa Cruz, em Diadema, no ABC. Eles estavam em duas casas separadas por apenas 50 metros. Em uma delas, foi encontrado Victor com um adolescente que, segundo a pol\u00edcia, lhe dava cobertura. Esse jovem, que tem 17 anos, n\u00e3o teria participado do assassinato. Mesmo assim, foi apreendido.<\/p>\n<p>Victor foi preso em flagrante por porte de uma Taurus 380 cromada e com a identifica\u00e7\u00e3o raspada. Policiais do 20\u00b0 Distrito Policial, de \u00c1gua Fria, apreenderam a arma numa mochila apreendida em sua casa. Em outra mochila, foram encontrados celulares, computadores, \u00f3culos de sol e um laptop. Segundo Elisabete Sato, os objetos coincidem com os registrados numa ocorr\u00eancia no 83\u00b0 DP.<\/p>\n<p>Na outra casa, foi preso Jonatas Cassiano Ara\u00fajo, de 21 anos, com outros dois adolescentes, ambos de 17 anos, um dos quais teria admitido atear fogo na v\u00edtima. As duas resid\u00eancias ficavam a cerca de 50 metros de dist\u00e2ncia uma da outra. Jonatas \u00e9 apontado como aquele que ligou para os criminosos que mantinham Cinthya sob amea\u00e7a avisando que havia apenas R$ 30 em sua conta.<\/p>\n<p>Segundo a delegada Elisabete Sato, os presos seriam usu\u00e1rios de coca\u00edna. Ao menos dois dos jovens teriam registros de infra\u00e7\u00f5es em seus nomes.<\/p>\n<p><strong>Foragido.<\/strong> Um dos suspeitos de participar do crime, Thiago de Jesus Pereira, de 25 anos, que aparece num retrato falado usando um \u00f3culos branco, permanece foragido. Blazeck pediu a ajuda da popula\u00e7\u00e3o em sua captura. Ele \u00e9 apontado como o &#8220;cavalo&#8221; da gangue, que na linguagem do crime \u00e9 o respons\u00e1vel por providenciar a fuga dos criminosos.<\/p>\n<p><strong>Gangue.<\/strong> A pol\u00edcia informou que o grupo foi identificado como respons\u00e1vel por crimes em cl\u00ednicas em S\u00e3o Bernardo e na zona sul de S\u00e3o Paulo. Segundo Blazeck, eles podem ter participa\u00e7\u00e3o entre 6 a 8 casos em cl\u00ednicas. &#8220;Todos os ind\u00edcios; modus operandi, caracter\u00edsticas f\u00edsicas, ve\u00edculo, arma: tudo isso indica que podem ser os mesmos elementos&#8221;.<\/p>\n<p>Marcos Moura, titular do 83\u00b0 DP afirmou que casos similares ocorreram nos dias 12 e 16 antes do assassinato. Ele afirma que um registro no 17\u00b0 DP foi registrado o caso de duas dentistas em cujos cabelos dois jovens teriam &#8220;colocado o isqueiro&#8221;. No evento, Victor Miguel teria preenchido uma ficha cadastral com suas informa\u00e7\u00f5es e a jogado fora no lixo do pr\u00f3prio consult\u00f3rio.<\/p>\n<p><strong>Maioridade penal. <\/strong>O caso est\u00e1 sendo usado como argumento da campanha do governo Geraldo Alckmin pela redu\u00e7\u00e3o da maioridade penal. Na coletiva de imprensa, repleta de autoridades da seguran\u00e7a p\u00fablica de S\u00e3o Paulo, Elizabete Sato, do DHPP e o secret\u00e1rio estadual da Seguran\u00e7a P\u00fablica, Fernando Grella Vieira, defendeream reformas no sentido da diminui\u00e7\u00e3o da maioridade penal.<\/p>\n<p>Na abertura da coletiva, Grella defendeu reformas na legisla\u00e7\u00e3o por maior rigidez na puni\u00e7\u00e3o de menores, em especial a proposta do Governador Geraldo Alckmin por uma mudan\u00e7a no Estatuto da Crian\u00e7a e do Adolescente (ECA) que amplie o per\u00edodo de interna\u00e7\u00e3o de menores que cometem crimes graves.<\/p>\n<p>&#8220;Temos uma legisla\u00e7\u00e3o falha, que \u00e9 bastante prec\u00e1ria, e n\u00e3o podemos viver mais situa\u00e7\u00f5es como essa o tempo todo deixando desprotegidos os cidad\u00e3os. \u00c9 preciso que haja uma rigidez adequada da legisla\u00e7\u00e3o\u201d, afirmou.<\/p>\n<p>Elizabete Sato destacou a frieza do adolescente acusado do assassinato e defendeu maior rigidez na puni\u00e7\u00e3o de menores. &#8220;\u00c9 uma reflex\u00e3o que todos n\u00f3s devemos nesse momento fazer. At\u00e9 onde esses adolescentes com 17 anos de idade podem ter o direito de ceifar a vida de uma mo\u00e7a que \u00e9 o esteio da fam\u00edlia?&#8221;.<\/p>\n<p>&#8212;<\/p>\n<p>Andr\u00e9 Cabette F\u00e1bio &#8211; O Estado de S. Paulo<\/p>\n<p>http:\/\/www.estadao.com.br\/noticias\/cidades,suspeitos-confessaram-assassinato-de-dentista-diz-policia,1026223,0.htm<\/p>\n","protected":false},"excerpt":{"rendered":"<p>Delegado geral afimou que os tr\u00eas presos disseram ter participado de crime em S\u00e3o Bernardo do Campo O delegado geral da Pol\u00edcia Civil, Luiz Maur\u00edcio Blazeck, afirmou na tarde deste s\u00e1bado, 27, que os tr\u00eas suspeitos presos na madrugada j\u00e1 confessaram participa\u00e7\u00e3o na morte da dentista Cinthya Magaly Moutinho de Souza, de 47 anos, em [&hellip;]<\/p>\n","protected":false},"author":2,"featured_media":0,"comment_status":"open","ping_status":"open","sticky":false,"template":"","format":"standard","meta":{"_links_to":"","_links_to_target":""},"categories":[13],"tags":[],"_links":{"self":[{"href":"https:\/\/www.r2cpress.com.br\/v1\/wp-json\/wp\/v2\/posts\/64098"}],"collection":[{"href":"https:\/\/www.r2cpress.com.br\/v1\/wp-json\/wp\/v2\/posts"}],"about":[{"href":"https:\/\/www.r2cpress.com.br\/v1\/wp-json\/wp\/v2\/types\/post"}],"author":[{"embeddable":true,"href":"https:\/\/www.r2cpress.com.br\/v1\/wp-json\/wp\/v2\/users\/2"}],"replies":[{"embeddable":true,"href":"https:\/\/www.r2cpress.com.br\/v1\/wp-json\/wp\/v2\/comments?post=64098"}],"version-history":[{"count":4,"href":"https:\/\/www.r2cpress.com.br\/v1\/wp-json\/wp\/v2\/posts\/64098\/revisions"}],"predecessor-version":[{"id":64102,"href":"https:\/\/www.r2cpress.com.br\/v1\/wp-json\/wp\/v2\/posts\/64098\/revisions\/64102"}],"wp:attachment":[{"href":"https:\/\/www.r2cpress.com.br\/v1\/wp-json\/wp\/v2\/media?parent=64098"}],"wp:term":[{"taxonomy":"category","embeddable":true,"href":"https:\/\/www.r2cpress.com.br\/v1\/wp-json\/wp\/v2\/categories?post=64098"},{"taxonomy":"post_tag","embeddable":true,"href":"https:\/\/www.r2cpress.com.br\/v1\/wp-json\/wp\/v2\/tags?post=64098"}],"curies":[{"name":"wp","href":"https:\/\/api.w.org\/{rel}","templated":true}]}}