{"id":64128,"date":"2013-04-29T11:56:26","date_gmt":"2013-04-29T14:56:26","guid":{"rendered":"http:\/\/www.r2cpress.com.br\/v1\/?p=64128"},"modified":"2013-04-29T11:56:26","modified_gmt":"2013-04-29T14:56:26","slug":"atendimento-odontologico-e-restabelecido-em-ilheus","status":"publish","type":"post","link":"https:\/\/www.r2cpress.com.br\/v1\/2013\/04\/29\/atendimento-odontologico-e-restabelecido-em-ilheus\/","title":{"rendered":"Atendimento odontol\u00f3gico \u00e9 restabelecido em Ilh\u00e9us"},"content":{"rendered":"<p><div id=\"attachment_64129\" style=\"width: 310px\" class=\"wp-caption alignleft\"><a href=\"http:\/\/www.r2cpress.com.br\/v1\/wp-content\/uploads\/Eduardo-Rocha-coordenador-de-Sa\u00fade-Bucal-Foto-Gidelzo-Silva-Secom-Ilh\u00e9us-7.jpg\"><img aria-describedby=\"caption-attachment-64129\" loading=\"lazy\" src=\"http:\/\/www.r2cpress.com.br\/v1\/wp-content\/uploads\/Eduardo-Rocha-coordenador-de-Sa\u00fade-Bucal-Foto-Gidelzo-Silva-Secom-Ilh\u00e9us-7.jpg\" alt=\"Eduardo Rocha, coordenador de Sa\u00fade Bucal - Foto Gidelzo Silva - Secom Ilh\u00e9us.\" width=\"300\" height=\"195\" class=\"size-full wp-image-64129\" \/><\/a><p id=\"caption-attachment-64129\" class=\"wp-caption-text\">Eduardo Rocha, coordenador de Sa\u00fade Bucal &#8211; Foto Gidelzo Silva &#8211; Secom Ilh\u00e9us.<\/p><\/div>Dezessete postos odontol\u00f3gicos p\u00fablicos j\u00e1 retomaram o funcionamento em Ilh\u00e9us. A informa\u00e7\u00e3o \u00e9 do coordenador de Sa\u00fade Bucal da secretaria de Sa\u00fade do munic\u00edpio, Eduardo Rocha. Ele explica que tem sido necess\u00e1rio muito esfor\u00e7o da atual gest\u00e3o para a reorganiza\u00e7\u00e3o do setor, por t\u00ea-lo encontrado praticamente paralisado, com os equipamentos sucateados. No momento, 31 consult\u00f3rios fixos e uma unidade m\u00f3vel est\u00e3o prestando atendimento \u00e0 popula\u00e7\u00e3o.  <\/p>\n<p>O agendamento para o servi\u00e7o \u00e9 realizado de segunda a sexta-feira, das 8 \u00e0s 18 horas. Na Zona Sul, a popula\u00e7\u00e3o pode utilizar o atendimento odontol\u00f3gico nas unidades do Programa de Sa\u00fade da<\/p>\n<p>Fam\u00edlia (PSF) dos bairros Nelson Costa e de Oliven\u00e7a, Centro Educacional Darcy Ribeiro (CAIC), Centro de Sa\u00fade do Hernani S\u00e1, Centro Social de Sa\u00fade Oral do Lions Clube de Ilh\u00e9us, al\u00e9m da unidade de refer\u00eancia, a Cl\u00ednica Odontol\u00f3gica Napole\u00e3o Marques, localizada na Proa.<\/p>\n<p><!--more--><\/p>\n<p>J\u00e1 na Zona Norte, o agendamento est\u00e1 dispon\u00edvel no Centro de Sa\u00fade Sarah Kubistscheck (Parque Infantil),Centro Social Urbano (CSU), na Barra, na Unidade de Sa\u00fade do Sindicato dos Rodovi\u00e1rios e nos PSFs do Alto do Coqueiro e do Iguape. Na Zona Oeste, o atendimento est\u00e1 concentrado no Programa de Sa\u00fade da Fam\u00edlia IV do bairro Teot\u00f4nio Vilela.<\/p>\n<p>Na regi\u00e3o central, o servi\u00e7o \u00e9 oferecido na Policl\u00ednica Halil Medauar, no bairro da Conquista e no CAE II (antigo SESP), na Avenida Canavieiras. J\u00e1 o Centro de Especialidades Odontol\u00f3gicas (CEO), localizado na Avenida Soares Lopes, destina-se ao atendimento espec\u00edfico de m\u00e9dia e alta complexidade. Segundo Eduardo Rocha, o consult\u00f3rio m\u00f3vel funciona de forma itinerante, em escolas e outras institui\u00e7\u00f5es, sendo montado para funcionamento durante o per\u00edodo de 30 dias.<\/p>\n<p>O coordenador destaca o empenho da Prefeitura para reativar o atendimento odontol\u00f3gico na rede p\u00fablica de sa\u00fade de Ilh\u00e9us. \u201cTudo o que conseguimos fazer \u00e9 fruto de muito trabalho\u201d, disse. Ele ressalta que outras unidades de sa\u00fade est\u00e3o sendo reformadas e, em breve, ampliar\u00e3o o servi\u00e7o no munic\u00edpio. \u201c\u00c9 o caso do Centro de Sa\u00fade Herval Soledade, no Pontal, e o Almiro Vinhaes, na Princesa Isabel, onde est\u00e3o sendo reparada a estrutura f\u00edsica e o conserto e manuten\u00e7\u00e3o dos equipamentos odontol\u00f3gicos\u201d, acrescenta.<\/p>\n<p>&#8212;<br \/>\nSecretaria de Comunica\u00e7\u00e3o Social (Secom)<br \/>\nIlh\u00e9us \u2013 29.04.2013<\/p>\n","protected":false},"excerpt":{"rendered":"<p>Dezessete postos odontol\u00f3gicos p\u00fablicos j\u00e1 retomaram o funcionamento em Ilh\u00e9us. A informa\u00e7\u00e3o \u00e9 do coordenador de Sa\u00fade Bucal da secretaria de Sa\u00fade do munic\u00edpio, Eduardo Rocha. Ele explica que tem sido necess\u00e1rio muito esfor\u00e7o da atual gest\u00e3o para a reorganiza\u00e7\u00e3o do setor, por t\u00ea-lo encontrado praticamente paralisado, com os equipamentos sucateados. No momento, 31 consult\u00f3rios [&hellip;]<\/p>\n","protected":false},"author":2,"featured_media":0,"comment_status":"open","ping_status":"open","sticky":false,"template":"","format":"standard","meta":{"_links_to":"","_links_to_target":""},"categories":[23],"tags":[],"_links":{"self":[{"href":"https:\/\/www.r2cpress.com.br\/v1\/wp-json\/wp\/v2\/posts\/64128"}],"collection":[{"href":"https:\/\/www.r2cpress.com.br\/v1\/wp-json\/wp\/v2\/posts"}],"about":[{"href":"https:\/\/www.r2cpress.com.br\/v1\/wp-json\/wp\/v2\/types\/post"}],"author":[{"embeddable":true,"href":"https:\/\/www.r2cpress.com.br\/v1\/wp-json\/wp\/v2\/users\/2"}],"replies":[{"embeddable":true,"href":"https:\/\/www.r2cpress.com.br\/v1\/wp-json\/wp\/v2\/comments?post=64128"}],"version-history":[{"count":2,"href":"https:\/\/www.r2cpress.com.br\/v1\/wp-json\/wp\/v2\/posts\/64128\/revisions"}],"predecessor-version":[{"id":64131,"href":"https:\/\/www.r2cpress.com.br\/v1\/wp-json\/wp\/v2\/posts\/64128\/revisions\/64131"}],"wp:attachment":[{"href":"https:\/\/www.r2cpress.com.br\/v1\/wp-json\/wp\/v2\/media?parent=64128"}],"wp:term":[{"taxonomy":"category","embeddable":true,"href":"https:\/\/www.r2cpress.com.br\/v1\/wp-json\/wp\/v2\/categories?post=64128"},{"taxonomy":"post_tag","embeddable":true,"href":"https:\/\/www.r2cpress.com.br\/v1\/wp-json\/wp\/v2\/tags?post=64128"}],"curies":[{"name":"wp","href":"https:\/\/api.w.org\/{rel}","templated":true}]}}