{"id":64142,"date":"2013-04-29T16:40:37","date_gmt":"2013-04-29T19:40:37","guid":{"rendered":"http:\/\/www.r2cpress.com.br\/v1\/?p=64142"},"modified":"2013-04-29T16:40:37","modified_gmt":"2013-04-29T19:40:37","slug":"recordando-1o-de-maio-torneio-do-trabalhador","status":"publish","type":"post","link":"https:\/\/www.r2cpress.com.br\/v1\/2013\/04\/29\/recordando-1o-de-maio-torneio-do-trabalhador\/","title":{"rendered":"RECORDANDO 1\u00ba DE MAIO &#8211; TORNEIO DO TRABALHADOR"},"content":{"rendered":"<p>Querido mano Tinho<\/p>\n<p>Com esta turma boa fui campe\u00e3o pela extinta VASP em 1\u00ba de Maio de 1974 no est\u00e1dio Mario Pessoa em Ilh\u00e9us. Fiquei muito feliz com a iniciativa da AVEP em promover um torneio para homenagear os trabalhadores neste ano de 2013. Parab\u00e9ns aos organizadores.<br \/>\n<div id=\"attachment_64143\" style=\"width: 610px\" class=\"wp-caption aligncenter\"><a href=\"http:\/\/www.r2cpress.com.br\/v1\/wp-content\/uploads\/Z\u00c9-RABAT-VASP-1974.jpg\"><img aria-describedby=\"caption-attachment-64143\" loading=\"lazy\" src=\"http:\/\/www.r2cpress.com.br\/v1\/wp-content\/uploads\/Z\u00c9-RABAT-VASP-1974.jpg\" alt=\"VASP 1974\" width=\"600\" height=\"442\" class=\"size-full wp-image-64143\" srcset=\"https:\/\/www.r2cpress.com.br\/v1\/wp-content\/uploads\/Z\u00c9-RABAT-VASP-1974.jpg 600w, https:\/\/www.r2cpress.com.br\/v1\/wp-content\/uploads\/Z\u00c9-RABAT-VASP-1974-300x221.jpg 300w\" sizes=\"(max-width: 600px) 100vw, 600px\" \/><\/a><p id=\"caption-attachment-64143\" class=\"wp-caption-text\">VASP 1974<\/p><\/div><div id=\"attachment_64144\" style=\"width: 610px\" class=\"wp-caption aligncenter\"><a href=\"http:\/\/www.r2cpress.com.br\/v1\/wp-content\/uploads\/Z\u00c9-RABAT-VASP-CAMPE\u00c3-PRIMEIRO-DE-MAIO-1974.jpg\"><img aria-describedby=\"caption-attachment-64144\" loading=\"lazy\" src=\"http:\/\/www.r2cpress.com.br\/v1\/wp-content\/uploads\/Z\u00c9-RABAT-VASP-CAMPE\u00c3-PRIMEIRO-DE-MAIO-1974.jpg\" alt=\"VASP CAMPE\u00c3 PRIMEIRO DE MAIO 1974\" width=\"600\" height=\"448\" class=\"size-full wp-image-64144\" srcset=\"https:\/\/www.r2cpress.com.br\/v1\/wp-content\/uploads\/Z\u00c9-RABAT-VASP-CAMPE\u00c3-PRIMEIRO-DE-MAIO-1974.jpg 600w, https:\/\/www.r2cpress.com.br\/v1\/wp-content\/uploads\/Z\u00c9-RABAT-VASP-CAMPE\u00c3-PRIMEIRO-DE-MAIO-1974-300x224.jpg 300w\" sizes=\"(max-width: 600px) 100vw, 600px\" \/><\/a><p id=\"caption-attachment-64144\" class=\"wp-caption-text\">VASP CAMPE\u00c3 PRIMEIRO DE MAIO 1974<\/p><\/div><br \/>\nBeijo grande e lembran\u00e7as a todos da\u00ed<\/p>\n<p>Seu irm\u00e3o<\/p>\n<p>Jos\u00e9 Rabat Chame<\/p>\n<p>Vit\u00f3ria da Conquista &#8211; Ba<\/p>\n","protected":false},"excerpt":{"rendered":"<p>Querido mano Tinho Com esta turma boa fui campe\u00e3o pela extinta VASP em 1\u00ba de Maio de 1974 no est\u00e1dio Mario Pessoa em Ilh\u00e9us. Fiquei muito feliz com a iniciativa da AVEP em promover um torneio para homenagear os trabalhadores neste ano de 2013. Parab\u00e9ns aos organizadores. Beijo grande e lembran\u00e7as a todos da\u00ed Seu [&hellip;]<\/p>\n","protected":false},"author":2,"featured_media":0,"comment_status":"open","ping_status":"open","sticky":false,"template":"","format":"standard","meta":{"_links_to":"","_links_to_target":""},"categories":[11],"tags":[],"_links":{"self":[{"href":"https:\/\/www.r2cpress.com.br\/v1\/wp-json\/wp\/v2\/posts\/64142"}],"collection":[{"href":"https:\/\/www.r2cpress.com.br\/v1\/wp-json\/wp\/v2\/posts"}],"about":[{"href":"https:\/\/www.r2cpress.com.br\/v1\/wp-json\/wp\/v2\/types\/post"}],"author":[{"embeddable":true,"href":"https:\/\/www.r2cpress.com.br\/v1\/wp-json\/wp\/v2\/users\/2"}],"replies":[{"embeddable":true,"href":"https:\/\/www.r2cpress.com.br\/v1\/wp-json\/wp\/v2\/comments?post=64142"}],"version-history":[{"count":2,"href":"https:\/\/www.r2cpress.com.br\/v1\/wp-json\/wp\/v2\/posts\/64142\/revisions"}],"predecessor-version":[{"id":64146,"href":"https:\/\/www.r2cpress.com.br\/v1\/wp-json\/wp\/v2\/posts\/64142\/revisions\/64146"}],"wp:attachment":[{"href":"https:\/\/www.r2cpress.com.br\/v1\/wp-json\/wp\/v2\/media?parent=64142"}],"wp:term":[{"taxonomy":"category","embeddable":true,"href":"https:\/\/www.r2cpress.com.br\/v1\/wp-json\/wp\/v2\/categories?post=64142"},{"taxonomy":"post_tag","embeddable":true,"href":"https:\/\/www.r2cpress.com.br\/v1\/wp-json\/wp\/v2\/tags?post=64142"}],"curies":[{"name":"wp","href":"https:\/\/api.w.org\/{rel}","templated":true}]}}