{"id":64150,"date":"2013-04-29T16:53:08","date_gmt":"2013-04-29T19:53:08","guid":{"rendered":"http:\/\/www.r2cpress.com.br\/v1\/?p=64150"},"modified":"2013-04-29T16:53:08","modified_gmt":"2013-04-29T19:53:08","slug":"policiais-da-69a-cipm-prendem-casal-com-arma-e-drogas","status":"publish","type":"post","link":"https:\/\/www.r2cpress.com.br\/v1\/2013\/04\/29\/policiais-da-69a-cipm-prendem-casal-com-arma-e-drogas\/","title":{"rendered":"POLICIAIS DA 69\u00aa CIPM PRENDEM CASAL COM ARMA E DROGAS"},"content":{"rendered":"<p>Foram conduzidos hoje (29), por uma guarni\u00e7\u00e3o da 69\u00aa Companhia Independente de Pol\u00edcia Militar-Ilh\u00e9us para a Delegacia de Pol\u00edcia Civil, Nildes Celestina Dos Santos de 32 anos e um menor de iniciais S.B.C. de 17 anos.<br \/>\n<div id=\"attachment_64151\" style=\"width: 510px\" class=\"wp-caption aligncenter\"><a href=\"http:\/\/www.r2cpress.com.br\/v1\/wp-content\/uploads\/69-CIPM-PRIS\u00c3O-MENOR-E-MULHER.jpg\"><img aria-describedby=\"caption-attachment-64151\" loading=\"lazy\" src=\"http:\/\/www.r2cpress.com.br\/v1\/wp-content\/uploads\/69-CIPM-PRIS\u00c3O-MENOR-E-MULHER.jpg\" alt=\"69\u00aa CIPM.\" width=\"500\" height=\"500\" class=\"size-full wp-image-64151\" srcset=\"https:\/\/www.r2cpress.com.br\/v1\/wp-content\/uploads\/69-CIPM-PRIS\u00c3O-MENOR-E-MULHER.jpg 500w, https:\/\/www.r2cpress.com.br\/v1\/wp-content\/uploads\/69-CIPM-PRIS\u00c3O-MENOR-E-MULHER-150x150.jpg 150w, https:\/\/www.r2cpress.com.br\/v1\/wp-content\/uploads\/69-CIPM-PRIS\u00c3O-MENOR-E-MULHER-300x300.jpg 300w\" sizes=\"(max-width: 500px) 100vw, 500px\" \/><\/a><p id=\"caption-attachment-64151\" class=\"wp-caption-text\">69\u00aa CIPM.<\/p><\/div><br \/>\nA guarni\u00e7\u00e3o realizava rondas em Oliven\u00e7a, por causa de uma denuncia do roubo de uma moto Honda CG 150 Fan, de cor vermelha e placa NYN6246, quando abordou Nildes Celestina e o menor. Foi encontrado com os mesmos um revolver Rossi calibre 38, de numera\u00e7\u00e3o D583131 com 05 muni\u00e7\u00f5es intactas, 27 pedras de crack, 21 trouxas de maconha e R$306,00 em esp\u00e9cie.<br \/>\nFoi lavrado o auto de pris\u00e3o em flagrante para Nildes e em face do menor, um boletim de ocorr\u00eancia de ato infracional correspondente ao crime de tr\u00e1fico de drogas e porte ilegal de arma de fogo.<\/p>\n","protected":false},"excerpt":{"rendered":"<p>Foram conduzidos hoje (29), por uma guarni\u00e7\u00e3o da 69\u00aa Companhia Independente de Pol\u00edcia Militar-Ilh\u00e9us para a Delegacia de Pol\u00edcia Civil, Nildes Celestina Dos Santos de 32 anos e um menor de iniciais S.B.C. de 17 anos. A guarni\u00e7\u00e3o realizava rondas em Oliven\u00e7a, por causa de uma denuncia do roubo de uma moto Honda CG 150 [&hellip;]<\/p>\n","protected":false},"author":2,"featured_media":0,"comment_status":"open","ping_status":"open","sticky":false,"template":"","format":"standard","meta":{"_links_to":"","_links_to_target":""},"categories":[1],"tags":[],"_links":{"self":[{"href":"https:\/\/www.r2cpress.com.br\/v1\/wp-json\/wp\/v2\/posts\/64150"}],"collection":[{"href":"https:\/\/www.r2cpress.com.br\/v1\/wp-json\/wp\/v2\/posts"}],"about":[{"href":"https:\/\/www.r2cpress.com.br\/v1\/wp-json\/wp\/v2\/types\/post"}],"author":[{"embeddable":true,"href":"https:\/\/www.r2cpress.com.br\/v1\/wp-json\/wp\/v2\/users\/2"}],"replies":[{"embeddable":true,"href":"https:\/\/www.r2cpress.com.br\/v1\/wp-json\/wp\/v2\/comments?post=64150"}],"version-history":[{"count":2,"href":"https:\/\/www.r2cpress.com.br\/v1\/wp-json\/wp\/v2\/posts\/64150\/revisions"}],"predecessor-version":[{"id":64153,"href":"https:\/\/www.r2cpress.com.br\/v1\/wp-json\/wp\/v2\/posts\/64150\/revisions\/64153"}],"wp:attachment":[{"href":"https:\/\/www.r2cpress.com.br\/v1\/wp-json\/wp\/v2\/media?parent=64150"}],"wp:term":[{"taxonomy":"category","embeddable":true,"href":"https:\/\/www.r2cpress.com.br\/v1\/wp-json\/wp\/v2\/categories?post=64150"},{"taxonomy":"post_tag","embeddable":true,"href":"https:\/\/www.r2cpress.com.br\/v1\/wp-json\/wp\/v2\/tags?post=64150"}],"curies":[{"name":"wp","href":"https:\/\/api.w.org\/{rel}","templated":true}]}}