{"id":6416,"date":"2011-01-12T15:40:31","date_gmt":"2011-01-12T18:40:31","guid":{"rendered":"http:\/\/www.r2cpress.com.br\/v1\/?p=6416"},"modified":"2011-01-12T15:40:31","modified_gmt":"2011-01-12T18:40:31","slug":"bombeiro-mirim-formando-novos-cidadaos","status":"publish","type":"post","link":"https:\/\/www.r2cpress.com.br\/v1\/2011\/01\/12\/bombeiro-mirim-formando-novos-cidadaos\/","title":{"rendered":"BOMBEIRO MIRIM: FORMANDO NOVOS CIDAD\u00c3OS"},"content":{"rendered":"<p><a href=\"http:\/\/www.r2cpress.com.br\/v1\/wp-content\/uploads\/bombeiros-mirins.jpg\"><img loading=\"lazy\" src=\"http:\/\/www.r2cpress.com.br\/v1\/wp-content\/uploads\/bombeiros-mirins-192x300.jpg\" alt=\"\" title=\"bombeiros mirins\" width=\"192\" height=\"300\" class=\"alignleft size-medium wp-image-6417\" srcset=\"https:\/\/www.r2cpress.com.br\/v1\/wp-content\/uploads\/bombeiros-mirins-192x300.jpg 192w, https:\/\/www.r2cpress.com.br\/v1\/wp-content\/uploads\/bombeiros-mirins.jpg 450w\" sizes=\"(max-width: 192px) 100vw, 192px\" \/><\/a>No dia 14 de janeiro de 2011, sexta-feira, acontecer\u00e1 a Formatura da 2\u00aa turma do Projeto Bombeiro Mirim, na sede do 5\u00ba Grupamento de Bombeiro Militar, na Barra, em Ilh\u00e9us, \u00e0s 09 horas da manh\u00e3.<\/p>\n<p>O Projeto Bombeiro Mirim \u00e9 desenvolvido pelo 5\u00ba Grupamento de Bombeiros Militares de Ilh\u00e9us desde o ano de 2008. O Projeto tem como objetivo realizar miss\u00f5es de responsabilidade social estimulando e respeitando a forma\u00e7\u00e3o individual de cada crian\u00e7a, tornando-se um complemento da sua concep\u00e7\u00e3o como integrante de um grupo social.<\/p>\n<p>Outra finalidade deste projeto \u00e9 preparar as crian\u00e7as e adolescentes para a\u00e7\u00f5es de primeiros socorros que podem amenizar e desacelerar o quadro da v\u00edtima at\u00e9 a chegada de pessoas especializadas. A inclus\u00e3o social tamb\u00e9m \u00e9 um dos pontos-chave do Projeto. <\/p>\n<p>Para participar, a crian\u00e7a\/adolescente deve ter entre 8 e 14 anos, de ambos sexos e estar dispon\u00edvel para uma vez por semana comparecer ao Quartel do 5\u00b0 GBM a fim de receberem aulas pr\u00e1ticas e te\u00f3ricas sobre assuntos relacionados \u00e0 atividade de Bombeiro. <\/p>\n<p><!--more--><\/p>\n<p>Combate a inc\u00eandio, primeiros socorros, afogamento, queimaduras, cuidados no tr\u00e2nsito e ainda convuls\u00f5es e campanhas de preserva\u00e7\u00e3o da natureza s\u00e3o alguns dos temas que s\u00e3o explorados.   <\/p>\n<p>O bombeiro mirim \u00e9 avaliado por sua freq\u00fc\u00eancia nos encontros semanais, por sua disciplina e relacionamento com os colegas em sala de aula e nos treinamentos. \u00c9 importante salientar tamb\u00e9m que as dificuldades individuais s\u00e3o observadas e a estas s\u00e3o dadas atendimento especial por parte dos instrutores, todos bombeiros militares.<\/p>\n<p>Os resultados s\u00e3o observados a curto prazo, pois existem relatos de pais sobre o comportamento das crian\u00e7as que chegam em casa falando dos procedimentos a serem adotados em caso de alguns acidentes dom\u00e9sticos e da pretens\u00e3o de se tornarem Bombeiros Militares, al\u00e9m do comportamento de cada crian\u00e7a e seu relacionamento tanto em casa quanto na escola. <\/p>\n<p>A segunda turma, composta de 15 alunos, ser\u00e1 encerrada no dia 14 de janeiro de 2011 com a formatura e recebimento de certificado, cartilha, evidenciando que o aluno concluiu com \u00eaxito o<strong> CURSO DE BOMBEIRO MIRIM.<\/strong><\/p>\n","protected":false},"excerpt":{"rendered":"<p>No dia 14 de janeiro de 2011, sexta-feira, acontecer\u00e1 a Formatura da 2\u00aa turma do Projeto Bombeiro Mirim, na sede do 5\u00ba Grupamento de Bombeiro Militar, na Barra, em Ilh\u00e9us, \u00e0s 09 horas da manh\u00e3. O Projeto Bombeiro Mirim \u00e9 desenvolvido pelo 5\u00ba Grupamento de Bombeiros Militares de Ilh\u00e9us desde o ano de 2008. O [&hellip;]<\/p>\n","protected":false},"author":2,"featured_media":0,"comment_status":"open","ping_status":"open","sticky":false,"template":"","format":"standard","meta":{"_links_to":"","_links_to_target":""},"categories":[28],"tags":[],"_links":{"self":[{"href":"https:\/\/www.r2cpress.com.br\/v1\/wp-json\/wp\/v2\/posts\/6416"}],"collection":[{"href":"https:\/\/www.r2cpress.com.br\/v1\/wp-json\/wp\/v2\/posts"}],"about":[{"href":"https:\/\/www.r2cpress.com.br\/v1\/wp-json\/wp\/v2\/types\/post"}],"author":[{"embeddable":true,"href":"https:\/\/www.r2cpress.com.br\/v1\/wp-json\/wp\/v2\/users\/2"}],"replies":[{"embeddable":true,"href":"https:\/\/www.r2cpress.com.br\/v1\/wp-json\/wp\/v2\/comments?post=6416"}],"version-history":[{"count":5,"href":"https:\/\/www.r2cpress.com.br\/v1\/wp-json\/wp\/v2\/posts\/6416\/revisions"}],"predecessor-version":[{"id":6422,"href":"https:\/\/www.r2cpress.com.br\/v1\/wp-json\/wp\/v2\/posts\/6416\/revisions\/6422"}],"wp:attachment":[{"href":"https:\/\/www.r2cpress.com.br\/v1\/wp-json\/wp\/v2\/media?parent=6416"}],"wp:term":[{"taxonomy":"category","embeddable":true,"href":"https:\/\/www.r2cpress.com.br\/v1\/wp-json\/wp\/v2\/categories?post=6416"},{"taxonomy":"post_tag","embeddable":true,"href":"https:\/\/www.r2cpress.com.br\/v1\/wp-json\/wp\/v2\/tags?post=6416"}],"curies":[{"name":"wp","href":"https:\/\/api.w.org\/{rel}","templated":true}]}}