{"id":64161,"date":"2013-04-29T19:28:19","date_gmt":"2013-04-29T22:28:19","guid":{"rendered":"http:\/\/www.r2cpress.com.br\/v1\/?p=64161"},"modified":"2013-04-29T19:28:19","modified_gmt":"2013-04-29T22:28:19","slug":"comunicado-8","status":"publish","type":"post","link":"https:\/\/www.r2cpress.com.br\/v1\/2013\/04\/29\/comunicado-8\/","title":{"rendered":"Comunicado"},"content":{"rendered":"<p>Caro Rabat<\/p>\n<p>Pr\u00f3ximo dia 17\/05 \u00e0s 10 hs da manh\u00e3 teremos uma solenidade na INFAZ ILH\u00c9US da Secretaria da Fazenda Estadual, para efetivar a fus\u00e3o da AAFA(Associa\u00e7\u00e3o0 Atl\u00e9tica Fazend\u00e1ria)com a ASFEB(Associa\u00e7\u00e3o dos Funcion\u00e1rios Fiscais do Estado da Bahia), quando ser\u00e1 anunciada a constru\u00e7\u00e3o de um Clube de F\u00e9rias na sede recreativa na Canabrava, sonho acalentado pelos fazend\u00e1rios da toda a Bahia h\u00e1 anos.<br \/>\nNa oportunidade ser\u00e3o agraciadas com o t\u00edtulo de amigos da AAFA\/ASFEB, diversas personalidades que ajudaram no projeto de consolida\u00e7\u00e3o do Clube ao longo dessas \u00faltimas d\u00e9cadas, a exemplo do presidente do PTB baiano e ex-Secret\u00e1rio da Fazenda Benito Gama(auditor fiscal), prefeito de Ilh\u00e9us Jabes Ribeiro e o ex-presidente do ICB Israel Mendon\u00e7a al\u00e9m de institui\u00e7\u00f5es p\u00fablicas e privadas como a CEPLAC e Hotel Canabrava na pessoa do seu diretor e propriet\u00e1rio Edinei Esp\u00edrito Santo.<\/p>\n<p>Curtir &lt;<a href=\"https:\/\/www.facebook.com\/home.php#\" target=\"_blank\">https:\/\/www.facebook.com\/<wbr><\/wbr>home.php#<\/a>&gt; \u00a0\u00b7 \u00a0\u00b7 Compartilhar &lt;<a href=\"https:\/\/www.facebook.com\/ajax\/sharer\/?s=22&amp;appid=25554907596&amp;p%5B0%5D=100002748870915&amp;p%5B1%5D=361163733985253\" target=\"_blank\">https:\/\/www.facebook.com\/<wbr><\/wbr>ajax\/sharer\/?s=22&amp;appid=<wbr><\/wbr>25554907596&amp;p%5B0%5D=<wbr><\/wbr>100002748870915&amp;p%5B1%5D=<wbr><\/wbr>361163733985253<\/a>&gt; \u00a0\u00b7 Promover &lt;<a href=\"https:\/\/www.facebook.com\/home.php#\" target=\"_blank\">https:\/\/www.facebook.com\/<wbr><\/wbr>home.php#<\/a>&gt; \u00a0\u00b7 h\u00e1 3 minutos &lt;<a href=\"https:\/\/www.facebook.com\/josehenrique.abobreira\/posts\/361163733985253\" target=\"_blank\">https:\/\/www.facebook.com\/<wbr><\/wbr>josehenrique.abobreira\/posts\/<wbr><\/wbr>361163733985253<\/a>&gt; \u00a0\u00b7<br \/>\n&lt;<a href=\"https:\/\/www.facebook.com\/home.php#\" target=\"_blank\">https:\/\/www.facebook.com\/<wbr><\/wbr>home.php#<\/a>&gt;<br \/>\n.<br \/>\nGrato \u00a0Abobreira<\/p>\n","protected":false},"excerpt":{"rendered":"<p>Caro Rabat Pr\u00f3ximo dia 17\/05 \u00e0s 10 hs da manh\u00e3 teremos uma solenidade na INFAZ ILH\u00c9US da Secretaria da Fazenda Estadual, para efetivar a fus\u00e3o da AAFA(Associa\u00e7\u00e3o0 Atl\u00e9tica Fazend\u00e1ria)com a ASFEB(Associa\u00e7\u00e3o dos Funcion\u00e1rios Fiscais do Estado da Bahia), quando ser\u00e1 anunciada a constru\u00e7\u00e3o de um Clube de F\u00e9rias na sede recreativa na Canabrava, sonho acalentado [&hellip;]<\/p>\n","protected":false},"author":2,"featured_media":0,"comment_status":"open","ping_status":"open","sticky":false,"template":"","format":"standard","meta":{"_links_to":"","_links_to_target":""},"categories":[10],"tags":[],"_links":{"self":[{"href":"https:\/\/www.r2cpress.com.br\/v1\/wp-json\/wp\/v2\/posts\/64161"}],"collection":[{"href":"https:\/\/www.r2cpress.com.br\/v1\/wp-json\/wp\/v2\/posts"}],"about":[{"href":"https:\/\/www.r2cpress.com.br\/v1\/wp-json\/wp\/v2\/types\/post"}],"author":[{"embeddable":true,"href":"https:\/\/www.r2cpress.com.br\/v1\/wp-json\/wp\/v2\/users\/2"}],"replies":[{"embeddable":true,"href":"https:\/\/www.r2cpress.com.br\/v1\/wp-json\/wp\/v2\/comments?post=64161"}],"version-history":[{"count":3,"href":"https:\/\/www.r2cpress.com.br\/v1\/wp-json\/wp\/v2\/posts\/64161\/revisions"}],"predecessor-version":[{"id":64164,"href":"https:\/\/www.r2cpress.com.br\/v1\/wp-json\/wp\/v2\/posts\/64161\/revisions\/64164"}],"wp:attachment":[{"href":"https:\/\/www.r2cpress.com.br\/v1\/wp-json\/wp\/v2\/media?parent=64161"}],"wp:term":[{"taxonomy":"category","embeddable":true,"href":"https:\/\/www.r2cpress.com.br\/v1\/wp-json\/wp\/v2\/categories?post=64161"},{"taxonomy":"post_tag","embeddable":true,"href":"https:\/\/www.r2cpress.com.br\/v1\/wp-json\/wp\/v2\/tags?post=64161"}],"curies":[{"name":"wp","href":"https:\/\/api.w.org\/{rel}","templated":true}]}}