{"id":64177,"date":"2013-04-30T09:01:55","date_gmt":"2013-04-30T12:01:55","guid":{"rendered":"http:\/\/www.r2cpress.com.br\/v1\/?p=64177"},"modified":"2013-04-30T09:01:55","modified_gmt":"2013-04-30T12:01:55","slug":"cade-a-creche-escola","status":"publish","type":"post","link":"https:\/\/www.r2cpress.com.br\/v1\/2013\/04\/30\/cade-a-creche-escola\/","title":{"rendered":"CAD\u00ca A CRECHE ESCOLA?"},"content":{"rendered":"<p><img loading=\"lazy\" src=\"http:\/\/www.r2cpress.com.br\/v1\/wp-content\/uploads\/NILSON-PESSOA_MODIFICADA.jpg\" width=\"300\" height=\"209\" class=\"alignleft\" \/>N\u00e3o consigo me desvincular da atrocidade socioambiental que \u00e9 o lix\u00e3o &#8220;Z\u00e2mbia&#8221; (Santo Ant\u00f4nio de P\u00e1dua, ao lado do CAIC), nem mesmo quando mudo de assunto. Mas vamos em frente.<br \/>\nFalo, agora, da constru\u00e7\u00e3o da creche escola no bairro Santo Ant\u00f4nio de P\u00e1dua, coladinha com a &#8220;Z\u00e2mbia&#8221; (n\u00e3o disse?). A obra deveria ser conclu\u00edda em 16\/04\/2013, conforme anunciado na placa.  Hoje, 30 de abril, a situa\u00e7\u00e3o \u00e9 essa das fotos. Obra inacabada e, aparentemente, parada. Mais uma obra com o nosso dinheiro, pois o Governo Federal e a Prefeitura Municipal s\u00e3o os agentes participantes.<br \/>\nNo Brasil, infelizmente, \u00e9 comum  que as obras feitas com verba p\u00fablica atrasem ou, muitas vezes, nem se concluam, jogando fora nosso suado dinheiro dos impostos &#8211; vemos isso todo dia nos notici\u00e1rios. Espero que a interrup\u00e7\u00e3o e o abandono n\u00e3o se consolidem no caso dessa creche escola, seria uma grande mancada dum governo que se diz totalmente voltado para o social.<br \/>\nJ\u00e1 que at\u00e9 o que \u00e9 ruim tem seu lado bom, o atraso pelo menos cria tempo para a Prefeitura Municipal de Ilh\u00e9us acabar de vez com a &#8220;Z\u00e2mbia&#8221; antes que se inaugure a creche, caso contr\u00e1rio seria outra enorme mancada hospedar as criancinhas quase dentro de um lix\u00e3o.<br \/>\nEnfim, mais um assunto a ser tocado na pequena \u00e1rea geogr\u00e1fica onde se situam o Santo Ant\u00f4nio de P\u00e1dua e Faelba, al\u00e9m da buraqueira e do lix\u00e3o, insistentemente relatados por mim no <strong>R2CPRESS <\/strong>e que comprovam o total abandono do &#8220;cantinho esquecido da Zona Sul&#8221;.<\/p>\n<p><center><a href=\"http:\/\/www.r2cpress.com.br\/v1\/wp-content\/uploads\/DSC01419.jpg\"><img loading=\"lazy\" src=\"http:\/\/www.r2cpress.com.br\/v1\/wp-content\/uploads\/DSC01419.jpg\" alt=\"DSC01419\" width=\"500\" height=\"375\" class=\"aligncenter size-full wp-image-64179\" srcset=\"https:\/\/www.r2cpress.com.br\/v1\/wp-content\/uploads\/DSC01419.jpg 500w, https:\/\/www.r2cpress.com.br\/v1\/wp-content\/uploads\/DSC01419-300x225.jpg 300w\" sizes=\"(max-width: 500px) 100vw, 500px\" \/><\/a><\/p>\n<p><a href=\"http:\/\/www.r2cpress.com.br\/v1\/wp-content\/uploads\/DSC01422.jpg\"><img loading=\"lazy\" src=\"http:\/\/www.r2cpress.com.br\/v1\/wp-content\/uploads\/DSC01422.jpg\" alt=\"DSC01422\" width=\"500\" height=\"375\" class=\"aligncenter size-full wp-image-64178\" srcset=\"https:\/\/www.r2cpress.com.br\/v1\/wp-content\/uploads\/DSC01422.jpg 500w, https:\/\/www.r2cpress.com.br\/v1\/wp-content\/uploads\/DSC01422-300x225.jpg 300w\" sizes=\"(max-width: 500px) 100vw, 500px\" \/><\/a><\/p>\n<p><a href=\"http:\/\/www.r2cpress.com.br\/v1\/wp-content\/uploads\/DSC01420.jpg\"><img loading=\"lazy\" src=\"http:\/\/www.r2cpress.com.br\/v1\/wp-content\/uploads\/DSC01420.jpg\" alt=\"DSC01420\" width=\"500\" height=\"375\" class=\"aligncenter size-full wp-image-64180\" srcset=\"https:\/\/www.r2cpress.com.br\/v1\/wp-content\/uploads\/DSC01420.jpg 500w, https:\/\/www.r2cpress.com.br\/v1\/wp-content\/uploads\/DSC01420-300x225.jpg 300w\" sizes=\"(max-width: 500px) 100vw, 500px\" \/><\/a><\/p>\n<p><a href=\"http:\/\/www.r2cpress.com.br\/v1\/wp-content\/uploads\/DSC01421.jpg\"><img loading=\"lazy\" src=\"http:\/\/www.r2cpress.com.br\/v1\/wp-content\/uploads\/DSC01421.jpg\" alt=\"DSC01421\" width=\"500\" height=\"375\" class=\"aligncenter size-full wp-image-64181\" srcset=\"https:\/\/www.r2cpress.com.br\/v1\/wp-content\/uploads\/DSC01421.jpg 500w, https:\/\/www.r2cpress.com.br\/v1\/wp-content\/uploads\/DSC01421-300x225.jpg 300w\" sizes=\"(max-width: 500px) 100vw, 500px\" \/><\/a><\/center><\/p>\n<p><em><strong>Nilson Pessoa<\/strong><\/em><\/p>\n","protected":false},"excerpt":{"rendered":"<p>N\u00e3o consigo me desvincular da atrocidade socioambiental que \u00e9 o lix\u00e3o &#8220;Z\u00e2mbia&#8221; (Santo Ant\u00f4nio de P\u00e1dua, ao lado do CAIC), nem mesmo quando mudo de assunto. Mas vamos em frente. Falo, agora, da constru\u00e7\u00e3o da creche escola no bairro Santo Ant\u00f4nio de P\u00e1dua, coladinha com a &#8220;Z\u00e2mbia&#8221; (n\u00e3o disse?). A obra deveria ser conclu\u00edda em [&hellip;]<\/p>\n","protected":false},"author":2,"featured_media":0,"comment_status":"open","ping_status":"open","sticky":false,"template":"","format":"standard","meta":{"_links_to":"","_links_to_target":""},"categories":[10],"tags":[],"_links":{"self":[{"href":"https:\/\/www.r2cpress.com.br\/v1\/wp-json\/wp\/v2\/posts\/64177"}],"collection":[{"href":"https:\/\/www.r2cpress.com.br\/v1\/wp-json\/wp\/v2\/posts"}],"about":[{"href":"https:\/\/www.r2cpress.com.br\/v1\/wp-json\/wp\/v2\/types\/post"}],"author":[{"embeddable":true,"href":"https:\/\/www.r2cpress.com.br\/v1\/wp-json\/wp\/v2\/users\/2"}],"replies":[{"embeddable":true,"href":"https:\/\/www.r2cpress.com.br\/v1\/wp-json\/wp\/v2\/comments?post=64177"}],"version-history":[{"count":3,"href":"https:\/\/www.r2cpress.com.br\/v1\/wp-json\/wp\/v2\/posts\/64177\/revisions"}],"predecessor-version":[{"id":64184,"href":"https:\/\/www.r2cpress.com.br\/v1\/wp-json\/wp\/v2\/posts\/64177\/revisions\/64184"}],"wp:attachment":[{"href":"https:\/\/www.r2cpress.com.br\/v1\/wp-json\/wp\/v2\/media?parent=64177"}],"wp:term":[{"taxonomy":"category","embeddable":true,"href":"https:\/\/www.r2cpress.com.br\/v1\/wp-json\/wp\/v2\/categories?post=64177"},{"taxonomy":"post_tag","embeddable":true,"href":"https:\/\/www.r2cpress.com.br\/v1\/wp-json\/wp\/v2\/tags?post=64177"}],"curies":[{"name":"wp","href":"https:\/\/api.w.org\/{rel}","templated":true}]}}