{"id":64185,"date":"2013-04-30T10:39:12","date_gmt":"2013-04-30T13:39:12","guid":{"rendered":"http:\/\/www.r2cpress.com.br\/v1\/?p=64185"},"modified":"2013-04-30T10:39:12","modified_gmt":"2013-04-30T13:39:12","slug":"diocese-de-ilheus-realizou-a-3a-semana-social","status":"publish","type":"post","link":"https:\/\/www.r2cpress.com.br\/v1\/2013\/04\/30\/diocese-de-ilheus-realizou-a-3a-semana-social\/","title":{"rendered":"Diocese de Ilh\u00e9us realizou a 3\u00aa Semana Social"},"content":{"rendered":"<p>Com o tema \u201cEstado para que e para quem?\u201d, foi realizada a 3\u00aa Semana Social da Diocese de Ilh\u00e9us, nos \u00faltimos dias 27 e 28 de abril, no Centro de Treinamento de L\u00edderes (CTL), localizado no km 01 da rodovia Ilh\u00e9us- Itabuna, com a participa\u00e7\u00e3o de representantes de Pastorais e movimentos Cat\u00f3licos. O evento teve in\u00edcio, na manh\u00e3 do s\u00e1bado, com palestra da soci\u00f3loga Katia Cardoso, assessora da C\u00e1ritas Estadual, que lembrou a trajet\u00f3ria da Semana Social e os temas que foram abordados ao longo desses anos, como o Mundo do Trabalho, Brasil Alternativas e Protagonistas e Resgate das D\u00edvidas Sociais.<\/p>\n<p>Durante a tarde, o assessor da FASE &#8211; organismo que trabalha com educa\u00e7\u00e3o popular, Paulo Demetter, debateu o tema central da Semana e o real papel do Estado moderno e os desvios de sua finalidade ao longo do processo hist\u00f3rico. No domingo (28), a plen\u00e1ria final foi coordenada pelo presidente do Conselho Diocesano de Leigos, Makrisi Angelli, que orientou o trabalho dos grupos que discutiram propostas da Diocese para o evento regional da Semana Social, que acontece nos pr\u00f3ximos dias 4 e 5 de maio, em Feira de Santana, reunindo representantes das Dioceses da Bahia e Sergipe.<\/p>\n<p>Para o bispo diocesano de Ilh\u00e9us, Dom Mauro Montagnolli, a realiza\u00e7\u00e3o da 3\u00aa Semana Social foi importante neste ano em que a Diocese celebra seu centen\u00e1rio em sintonia com as diretrizes de evangeliza\u00e7\u00e3o da Igreja no Brasil. Desde 1991, a Confer\u00eancia Nacional dos Bispos do Brasil (CNBB) realiza as Semanas Sociais pautando temas relevantes \u00e0 vida dos brasileiros, na compreens\u00e3o de que significam a presen\u00e7a p\u00fablica da Igreja na perspectiva do di\u00e1logo com todas as for\u00e7as sociais em prol do bem comum.<\/p>\n","protected":false},"excerpt":{"rendered":"<p>Com o tema \u201cEstado para que e para quem?\u201d, foi realizada a 3\u00aa Semana Social da Diocese de Ilh\u00e9us, nos \u00faltimos dias 27 e 28 de abril, no Centro de Treinamento de L\u00edderes (CTL), localizado no km 01 da rodovia Ilh\u00e9us- Itabuna, com a participa\u00e7\u00e3o de representantes de Pastorais e movimentos Cat\u00f3licos. O evento teve [&hellip;]<\/p>\n","protected":false},"author":2,"featured_media":0,"comment_status":"open","ping_status":"open","sticky":false,"template":"","format":"standard","meta":{"_links_to":"","_links_to_target":""},"categories":[28],"tags":[],"_links":{"self":[{"href":"https:\/\/www.r2cpress.com.br\/v1\/wp-json\/wp\/v2\/posts\/64185"}],"collection":[{"href":"https:\/\/www.r2cpress.com.br\/v1\/wp-json\/wp\/v2\/posts"}],"about":[{"href":"https:\/\/www.r2cpress.com.br\/v1\/wp-json\/wp\/v2\/types\/post"}],"author":[{"embeddable":true,"href":"https:\/\/www.r2cpress.com.br\/v1\/wp-json\/wp\/v2\/users\/2"}],"replies":[{"embeddable":true,"href":"https:\/\/www.r2cpress.com.br\/v1\/wp-json\/wp\/v2\/comments?post=64185"}],"version-history":[{"count":2,"href":"https:\/\/www.r2cpress.com.br\/v1\/wp-json\/wp\/v2\/posts\/64185\/revisions"}],"predecessor-version":[{"id":64187,"href":"https:\/\/www.r2cpress.com.br\/v1\/wp-json\/wp\/v2\/posts\/64185\/revisions\/64187"}],"wp:attachment":[{"href":"https:\/\/www.r2cpress.com.br\/v1\/wp-json\/wp\/v2\/media?parent=64185"}],"wp:term":[{"taxonomy":"category","embeddable":true,"href":"https:\/\/www.r2cpress.com.br\/v1\/wp-json\/wp\/v2\/categories?post=64185"},{"taxonomy":"post_tag","embeddable":true,"href":"https:\/\/www.r2cpress.com.br\/v1\/wp-json\/wp\/v2\/tags?post=64185"}],"curies":[{"name":"wp","href":"https:\/\/api.w.org\/{rel}","templated":true}]}}