{"id":64188,"date":"2013-04-30T10:48:46","date_gmt":"2013-04-30T13:48:46","guid":{"rendered":"http:\/\/www.r2cpress.com.br\/v1\/?p=64188"},"modified":"2013-04-30T10:48:46","modified_gmt":"2013-04-30T13:48:46","slug":"1a-etapa-de-vacinacao-contra-febre-aftosa-comeca-amanha-em-toda-bahia","status":"publish","type":"post","link":"https:\/\/www.r2cpress.com.br\/v1\/2013\/04\/30\/1a-etapa-de-vacinacao-contra-febre-aftosa-comeca-amanha-em-toda-bahia\/","title":{"rendered":"1\u00aa Etapa de vacina\u00e7\u00e3o contra febre aftosa come\u00e7a amanh\u00e3 em toda Bahia"},"content":{"rendered":"<p><strong>Adab define nova estrat\u00e9gia de imuniza\u00e7\u00e3o para os criadores dos munic\u00edpios atingidos pela seca na Bahia<\/strong><\/p>\n<p>Do dia 1\u00ba at\u00e9 31 de maio todos os pecuaristas devem vacinar seu rebanho, declarar a vacina\u00e7\u00e3o e atualizar o cadastro nos escrit\u00f3rios da Ag\u00eancia de Defesa Agropecu\u00e1ria da Bahia (Adab), vinculada \u00e0 Secretaria da Agricultura (Seagri), estrategicamente localizados nos munic\u00edpios baianos. Nesta etapa, a vacina\u00e7\u00e3o \u00e9 obrigat\u00f3ria para todo o rebanho de bovinos e bubalinos \u2013 jovens e adultos \u2013 do Estado.<\/p>\n<p>Os rebanhos localizados nos munic\u00edpios que decretaram estado de emerg\u00eancia devido \u00e0 longa seca, que n\u00e3o possuem condi\u00e7\u00f5es m\u00ednimas de serem vacinados, com defici\u00eancias nutricionais, ter\u00e3o a vacina\u00e7\u00e3o facultativa. Para isso, os criadores dever\u00e3o comparecer obrigatoriamente aos escrit\u00f3rios da Adab para solicitar dispensa da vacina\u00e7\u00e3o, declarar o quantitativo de animais existentes por esp\u00e9cie (bovinos, bubalinos, caprinos, ovinos, equ\u00eddeos e aves) e, principalmente, informar as mortes e nascimentos ocorridos no per\u00edodo da seca.<\/p>\n<p>\u201cA equipe da Ag\u00eancia ir\u00e1 analisar as solicita\u00e7\u00f5es dos produtores nestas \u00e1reas, orientando-os sobre a necessidade de vacinar os animais assim que seja restabelecida a normalidade clim\u00e1tica ou a melhoria do escore corporal dos animais e quando necessitar transport\u00e1-los para fora do Estado ou para eventos pecu\u00e1rios\u201d, orienta o diretor de Defesa Sanit\u00e1ria Animal da Adab, Rui Leal, lembrando que a nova estrat\u00e9gia de vacina\u00e7\u00e3o foi definida para esta 1\u00aa etapa de imuniza\u00e7\u00e3o de 2013, por meio da Instru\u00e7\u00e3o de Servi\u00e7o DDSA 03\/2013 da Ag\u00eancia.<\/p>\n<p><!--more--><\/p>\n<p>Diante do cen\u00e1rio causado pela forte seca, o diretor geral da Adab, Paulo Em\u00edlio Torres, ressalta que, em posse destas informa\u00e7\u00f5es, ser\u00e1 poss\u00edvel mensurar os preju\u00edzos da seca para a pecu\u00e1ria baiana, al\u00e9m de planejar e estabelecer estrat\u00e9gias direcionadas para o fortalecimento da defesa agropecu\u00e1ria. \u201cLembro ainda que o per\u00edodo para a imuniza\u00e7\u00e3o n\u00e3o ser\u00e1 prorrogado e o criador tem at\u00e9 quinze dias, contabilizados ap\u00f3s a vacina\u00e7\u00e3o, para a declara\u00e7\u00e3o\u201d, disse.<\/p>\n<p>Para o Secret\u00e1rio estadual da Agricultura, engenheiro agr\u00f4nomo Eduardo Salles, a parceria com o Minist\u00e9rio da Agricultura foi fundamental para direcionar, de forma segura, as a\u00e7\u00f5es de defesa sanit\u00e1ria no Estado durante o per\u00edodo de seca. \u201cA Bahia entende as atividades de defesa como um alicerce para o sucesso da agropecu\u00e1ria e manuten\u00e7\u00e3o do status sanit\u00e1rio de livre de aftosa com vacina\u00e7\u00e3o. Da\u00ed os investimentos em tecnologia, conv\u00eanios, coopera\u00e7\u00e3o p\u00fablico e privado, bem como a corresponsabilidade dos criadores na necessidade da vacina\u00e7\u00e3o dos animais e sua posterior declara\u00e7\u00e3o\u201d, aponta Salles.<\/p>\n<p>\u201cO Estado da Bahia possui o maior rebanho do nordeste com mais de 11 milh\u00f5es de cabe\u00e7a e, ao longo dos anos, tem demonstrado uma forte voca\u00e7\u00e3o agropecu\u00e1ria, refletida pelos crescentes indicadores de produtividade e a diversifica\u00e7\u00e3o e comercializa\u00e7\u00e3o de produtos e servi\u00e7os. Isso se d\u00e1 devido ao respaldo garantido pela defesa agropecu\u00e1ria no desenvolvimento do agroneg\u00f3cio\u201d, destaca a Superintendente Federal da Agricultura na Bahia (SFA\/BA), Virg\u00ednia Hage.<\/p>\n<p>O presidente da Federa\u00e7\u00e3o da Agricultura do Estado da Bahia (Faeb), Jo\u00e3o Martins, tamb\u00e9m apoia as atividades da Adab e ressalta que a Seagri, atrav\u00e9s da Adab, vem cumprindo com o seu papel em suporte ao Programa Nacional de Erradica\u00e7\u00e3o e Preven\u00e7\u00e3o da Febre Aftosa (PNEFA).<\/p>\n<p>&#8212;<br \/>\nAscom\/Adab<br \/>\n30\/04\/2013<\/p>\n","protected":false},"excerpt":{"rendered":"<p>Adab define nova estrat\u00e9gia de imuniza\u00e7\u00e3o para os criadores dos munic\u00edpios atingidos pela seca na Bahia Do dia 1\u00ba at\u00e9 31 de maio todos os pecuaristas devem vacinar seu rebanho, declarar a vacina\u00e7\u00e3o e atualizar o cadastro nos escrit\u00f3rios da Ag\u00eancia de Defesa Agropecu\u00e1ria da Bahia (Adab), vinculada \u00e0 Secretaria da Agricultura (Seagri), estrategicamente localizados [&hellip;]<\/p>\n","protected":false},"author":2,"featured_media":0,"comment_status":"open","ping_status":"open","sticky":false,"template":"","format":"standard","meta":{"_links_to":"","_links_to_target":""},"categories":[29],"tags":[],"_links":{"self":[{"href":"https:\/\/www.r2cpress.com.br\/v1\/wp-json\/wp\/v2\/posts\/64188"}],"collection":[{"href":"https:\/\/www.r2cpress.com.br\/v1\/wp-json\/wp\/v2\/posts"}],"about":[{"href":"https:\/\/www.r2cpress.com.br\/v1\/wp-json\/wp\/v2\/types\/post"}],"author":[{"embeddable":true,"href":"https:\/\/www.r2cpress.com.br\/v1\/wp-json\/wp\/v2\/users\/2"}],"replies":[{"embeddable":true,"href":"https:\/\/www.r2cpress.com.br\/v1\/wp-json\/wp\/v2\/comments?post=64188"}],"version-history":[{"count":2,"href":"https:\/\/www.r2cpress.com.br\/v1\/wp-json\/wp\/v2\/posts\/64188\/revisions"}],"predecessor-version":[{"id":64190,"href":"https:\/\/www.r2cpress.com.br\/v1\/wp-json\/wp\/v2\/posts\/64188\/revisions\/64190"}],"wp:attachment":[{"href":"https:\/\/www.r2cpress.com.br\/v1\/wp-json\/wp\/v2\/media?parent=64188"}],"wp:term":[{"taxonomy":"category","embeddable":true,"href":"https:\/\/www.r2cpress.com.br\/v1\/wp-json\/wp\/v2\/categories?post=64188"},{"taxonomy":"post_tag","embeddable":true,"href":"https:\/\/www.r2cpress.com.br\/v1\/wp-json\/wp\/v2\/tags?post=64188"}],"curies":[{"name":"wp","href":"https:\/\/api.w.org\/{rel}","templated":true}]}}