{"id":64326,"date":"2013-05-02T13:16:32","date_gmt":"2013-05-02T16:16:32","guid":{"rendered":"http:\/\/www.r2cpress.com.br\/v1\/?p=64326"},"modified":"2013-05-02T13:16:32","modified_gmt":"2013-05-02T16:16:32","slug":"prefeito-assina-decreto-criando-a-coordenacao-de-defesa-civil-de-ilheus","status":"publish","type":"post","link":"https:\/\/www.r2cpress.com.br\/v1\/2013\/05\/02\/prefeito-assina-decreto-criando-a-coordenacao-de-defesa-civil-de-ilheus\/","title":{"rendered":"Prefeito assina decreto criando a Coordena\u00e7\u00e3o de Defesa Civil de Ilh\u00e9us"},"content":{"rendered":"<p>Com o objetivo de ordenar a\u00e7\u00f5es e atender situa\u00e7\u00f5es de emerg\u00eancia ou de calamidade p\u00fablica em Ilh\u00e9us, o prefeito Jabes Ribeiro assinou decreto n\u00famero 051\/2013, que cria a Coordena\u00e7\u00e3o Municipal de Defesa Civil (Coordec) e nomeia seus membros titulares e suplentes.<\/p>\n<p>O secret\u00e1rio de Administra\u00e7\u00e3o, Ricardo Machado, informa que al\u00e9m de instituir a pol\u00edtica de prote\u00e7\u00e3o, o decreto torna o munic\u00edpio apto a participar de projetos federais e captar verbas no Minist\u00e9rio da Integra\u00e7\u00e3o Nacional. O decreto regulamenta a lei n\u00famero 3.519, de 02 de fevereiro de 2011.<\/p>\n<p>Ricardo Machado ressalta que o plano de a\u00e7\u00e3o da Coordec inclui a melhoria nos altos de Ilh\u00e9us, com o mapeamento dos locais que necessitam de obras e outros servi\u00e7os nas encostas. Como prioridade, o prefeito Jabes Ribeiro vai reativar o Projeto Viva o Morro.<\/p>\n<p>A Coordena\u00e7\u00e3o Municipal de Defesa Civil ficar\u00e1 sob a responsabilidade da Secretaria de Assist\u00eancia Social e Trabalho.<\/p>\n<p>&#8212;<br \/>\nSecretaria de Comunica\u00e7\u00e3o Social (Secom)<br \/>\nIlh\u00e9us \u2013 02.05.2013<\/p>\n","protected":false},"excerpt":{"rendered":"<p>Com o objetivo de ordenar a\u00e7\u00f5es e atender situa\u00e7\u00f5es de emerg\u00eancia ou de calamidade p\u00fablica em Ilh\u00e9us, o prefeito Jabes Ribeiro assinou decreto n\u00famero 051\/2013, que cria a Coordena\u00e7\u00e3o Municipal de Defesa Civil (Coordec) e nomeia seus membros titulares e suplentes. O secret\u00e1rio de Administra\u00e7\u00e3o, Ricardo Machado, informa que al\u00e9m de instituir a pol\u00edtica de [&hellip;]<\/p>\n","protected":false},"author":2,"featured_media":0,"comment_status":"open","ping_status":"open","sticky":false,"template":"","format":"standard","meta":{"_links_to":"","_links_to_target":""},"categories":[23],"tags":[],"_links":{"self":[{"href":"https:\/\/www.r2cpress.com.br\/v1\/wp-json\/wp\/v2\/posts\/64326"}],"collection":[{"href":"https:\/\/www.r2cpress.com.br\/v1\/wp-json\/wp\/v2\/posts"}],"about":[{"href":"https:\/\/www.r2cpress.com.br\/v1\/wp-json\/wp\/v2\/types\/post"}],"author":[{"embeddable":true,"href":"https:\/\/www.r2cpress.com.br\/v1\/wp-json\/wp\/v2\/users\/2"}],"replies":[{"embeddable":true,"href":"https:\/\/www.r2cpress.com.br\/v1\/wp-json\/wp\/v2\/comments?post=64326"}],"version-history":[{"count":2,"href":"https:\/\/www.r2cpress.com.br\/v1\/wp-json\/wp\/v2\/posts\/64326\/revisions"}],"predecessor-version":[{"id":64328,"href":"https:\/\/www.r2cpress.com.br\/v1\/wp-json\/wp\/v2\/posts\/64326\/revisions\/64328"}],"wp:attachment":[{"href":"https:\/\/www.r2cpress.com.br\/v1\/wp-json\/wp\/v2\/media?parent=64326"}],"wp:term":[{"taxonomy":"category","embeddable":true,"href":"https:\/\/www.r2cpress.com.br\/v1\/wp-json\/wp\/v2\/categories?post=64326"},{"taxonomy":"post_tag","embeddable":true,"href":"https:\/\/www.r2cpress.com.br\/v1\/wp-json\/wp\/v2\/tags?post=64326"}],"curies":[{"name":"wp","href":"https:\/\/api.w.org\/{rel}","templated":true}]}}