{"id":64329,"date":"2013-05-02T13:47:06","date_gmt":"2013-05-02T16:47:06","guid":{"rendered":"http:\/\/www.r2cpress.com.br\/v1\/?p=64329"},"modified":"2013-05-02T13:47:06","modified_gmt":"2013-05-02T16:47:06","slug":"sindicato-do-comercio-varejista-de-ilheus","status":"publish","type":"post","link":"https:\/\/www.r2cpress.com.br\/v1\/2013\/05\/02\/sindicato-do-comercio-varejista-de-ilheus\/","title":{"rendered":"Sindicato do Com\u00e9rcio Varejista de Ilh\u00e9us"},"content":{"rendered":"<h1 style=\"text-align: center;\"><strong>C U R S O<\/strong><\/h1>\n<h1 style=\"text-align: center;\"><b><span style=\"text-decoration: underline;\">Porteiro e Vigia<\/span><\/b><\/h1>\n<p><b>C. Hor\u00e1ria<\/b>: <b>160<\/b>hs &#8211; <b>Dura\u00e7\u00e3o<\/b>: 40 dias \u00fateis<\/p>\n<p><b>Per\u00edodo<\/b>: <b><span style=\"text-decoration: underline;\">20 de maio<\/span><\/b><b> a <span style=\"text-decoration: underline;\">19 de julho<\/span> de 2013<\/b><\/p>\n<p><b>Turno<\/b>: Noite (das: <b>18:00 \u00e1s 22:00 hs<\/b>)<\/p>\n<p><b>Pr\u00e9 <\/b>\u2013 <b>requisito<\/b>: Maiores de 18 anos. Ensino Fundamental Incompleto.<\/p>\n<p><b>P\u00fablico Alvo<\/b>: A comunidade em geral<\/p>\n<p><b>Investimento<\/b>: <b>Gratuito<\/b><\/p>\n<p>Certificado emitido pelo SENAC.<\/p>\n<p><b>Local do curso: Sala de cursos do Sicom\u00e9rcio Ilh\u00e9us<\/b><\/p>\n<p>Pra\u00e7a Visconde de Cairu, 346 \u2013 sala 101 \u2013<\/p>\n<p>Ed. Magalh\u00e3es \u2013 centro \u2013 Tel. (73)3231-4500<\/p>\n<div>\n<p>Obs.: em baixo do pr\u00e9dio tem as lojas Zueira e Bruno Megabike.<\/p>\n<p><b><span style=\"text-decoration: underline;\">INSCRI\u00c7\u00d5ES ABERTAS AT\u00c9 10 DE MAIO DE 2013 na sede do Sicom\u00e9rcio no hor\u00e1rio comercial de 2\u00aa a 6\u00aa feira.<\/span><\/b><\/p>\n<\/div>\n","protected":false},"excerpt":{"rendered":"<p>C U R S O Porteiro e Vigia C. Hor\u00e1ria: 160hs &#8211; Dura\u00e7\u00e3o: 40 dias \u00fateis Per\u00edodo: 20 de maio a 19 de julho de 2013 Turno: Noite (das: 18:00 \u00e1s 22:00 hs) Pr\u00e9 \u2013 requisito: Maiores de 18 anos. Ensino Fundamental Incompleto. P\u00fablico Alvo: A comunidade em geral Investimento: Gratuito Certificado emitido pelo SENAC. [&hellip;]<\/p>\n","protected":false},"author":2,"featured_media":0,"comment_status":"open","ping_status":"open","sticky":false,"template":"","format":"standard","meta":{"_links_to":"","_links_to_target":""},"categories":[19],"tags":[],"_links":{"self":[{"href":"https:\/\/www.r2cpress.com.br\/v1\/wp-json\/wp\/v2\/posts\/64329"}],"collection":[{"href":"https:\/\/www.r2cpress.com.br\/v1\/wp-json\/wp\/v2\/posts"}],"about":[{"href":"https:\/\/www.r2cpress.com.br\/v1\/wp-json\/wp\/v2\/types\/post"}],"author":[{"embeddable":true,"href":"https:\/\/www.r2cpress.com.br\/v1\/wp-json\/wp\/v2\/users\/2"}],"replies":[{"embeddable":true,"href":"https:\/\/www.r2cpress.com.br\/v1\/wp-json\/wp\/v2\/comments?post=64329"}],"version-history":[{"count":2,"href":"https:\/\/www.r2cpress.com.br\/v1\/wp-json\/wp\/v2\/posts\/64329\/revisions"}],"predecessor-version":[{"id":64331,"href":"https:\/\/www.r2cpress.com.br\/v1\/wp-json\/wp\/v2\/posts\/64329\/revisions\/64331"}],"wp:attachment":[{"href":"https:\/\/www.r2cpress.com.br\/v1\/wp-json\/wp\/v2\/media?parent=64329"}],"wp:term":[{"taxonomy":"category","embeddable":true,"href":"https:\/\/www.r2cpress.com.br\/v1\/wp-json\/wp\/v2\/categories?post=64329"},{"taxonomy":"post_tag","embeddable":true,"href":"https:\/\/www.r2cpress.com.br\/v1\/wp-json\/wp\/v2\/tags?post=64329"}],"curies":[{"name":"wp","href":"https:\/\/api.w.org\/{rel}","templated":true}]}}