{"id":6433,"date":"2011-01-12T19:37:11","date_gmt":"2011-01-12T22:37:11","guid":{"rendered":"http:\/\/www.r2cpress.com.br\/v1\/?p=6433"},"modified":"2011-01-12T19:37:11","modified_gmt":"2011-01-12T22:37:11","slug":"calor-e-chuva-durante-cortejo-da-lavagem-do-bonfim","status":"publish","type":"post","link":"https:\/\/www.r2cpress.com.br\/v1\/2011\/01\/12\/calor-e-chuva-durante-cortejo-da-lavagem-do-bonfim\/","title":{"rendered":"Calor e chuva durante Cortejo da Lavagem do Bonfim"},"content":{"rendered":"<p><strong>C\u00e9u encoberto e chuvoso em grande parte da Bahia at\u00e9 domingo<\/strong><\/p>\n<p>Para quem ir\u00e1 acompanhar o cortejo da tradicional Festa do Bonfim, em Salvador, \u00e9 bom se preparar para enfrentar uma quinta-feira quente com tempo bem inst\u00e1vel. Segundo o servi\u00e7o de meteorologia do Instituto de Gest\u00e3o das \u00c1guas e Clima (Ing\u00e1), o c\u00e9u encoberto de nuvens que modificou a paisagem do ver\u00e3o soteropolitano permanece at\u00e9 esta sexta-feira (14\/01). A previs\u00e3o para a cidade de Salvador, regi\u00e3o Metropolitana e Rec\u00f4ncavo baiano \u00e9 de c\u00e9u encoberto e possibilidade de chuvas moderadas e fracas a qualquer hora do dia.<\/p>\n<p>Mas at\u00e9 o fim de semana, as condi\u00e7\u00f5es do tempo melhoram um pouco para a capital baiana e regi\u00e3o metropolitana. A partir de sexta-feira (14\/01) at\u00e9 domingo (16\/01), a tend\u00eancia \u00e9 de redu\u00e7\u00e3o da nebulosidade, com c\u00e9u parcialmente nublado e chuvas fracas em \u00e1reas isoladas. Esta previs\u00e3o se estende para as regi\u00f5es do Rec\u00f4ncavo, Nordeste, Chapada Diamantina e Norte.<\/p>\n<p><!--more--><\/p>\n<p>E os meteorologistas do Ing\u00e1 alertam: a chuva n\u00e3o diminui o calor. As temperaturas na capital baiana dever\u00e3o se manter elevadas, com m\u00e1ximas podendo chegar aos 31\u00b0C. O calor e a umidade vinda da regi\u00e3o Amaz\u00f4nica s\u00e3o os fatores que influenciam as condi\u00e7\u00f5es do tempo nesta \u00e9poca do ano no Nordeste e em v\u00e1rias outras regi\u00f5es do Brasil. O c\u00e9u se manter\u00e1 encoberto e chuvoso tamb\u00e9m em grande parte das regi\u00f5es Centro-Oeste, Norte e Sudeste.<\/p>\n<p>Na Bahia, entre os dias 13\/01 (quinta-feira) e 14\/01 (sexta-feira), as chuvas mais significativas, com intensidade variando de fraca a moderada, est\u00e3o previstas para as regi\u00f5es Oeste, S\u00e3o Francisco, Sudoeste e Sul. As temperaturas para estas regi\u00f5es dever\u00e3o variar entre 21\u00b0C (m\u00ednimas) e 30\u00b0C (m\u00e1ximas), que associadas aos elevados \u00edndices de umidade relativa do ar dever\u00e3o contribuir para a ocorr\u00eancia de eventos isolados de chuvas fortes, acompanhadas de trovoadas nessas \u00e1reas. A tend\u00eancia para o per\u00edodo entre os dias 15\/01 (s\u00e1bado) e 16\/01 (domingo) \u00e9 de que o tempo n\u00e3o tenha mudan\u00e7as significativas em toda essa faixa.<\/p>\n<p>Para as regi\u00f5es da Chapada Diamantina, Norte e Nordeste da Bahia \u00e0 previs\u00e3o \u00e9 de c\u00e9u nublado a parcialmente nublado com chuvas fracas. Nessas regi\u00f5es s\u00e3o esperadas as temperaturas mais elevadas do Estado, com m\u00e1ximas podendo chegar aos 32\u00b0C, que associadas aos elevados \u00edndices de umidade do ar dever\u00e3o favorecer a ocorr\u00eancia de eventos isolados de chuvas moderadas. Por outro lado, nas \u00e1reas serranas das regi\u00f5es da Chapada Diamantina e Sudoeste s\u00e3o esperadas as menores temperaturas do Estado, com m\u00ednimas variando entre 18\u00b0C e 20\u00b0C.<\/p>\n<p><strong>A radia\u00e7\u00e3o ultravioleta \u00e9 mais preocupante durante o ver\u00e3o<\/strong><\/p>\n<p>Durante todo o ver\u00e3o a popula\u00e7\u00e3o deve ficar atenta aos cuidados com a pele e a sa\u00fade, principalmente por causa das altas temperaturas e da eleva\u00e7\u00e3o dos \u00cdndices de Radia\u00e7\u00e3o Ultravioleta (IUV) &#8211; que representam o valor m\u00e1ximo di\u00e1rio da radia\u00e7\u00e3o ultravioleta. A radia\u00e7\u00e3o (UV) incide sobre a superf\u00edcie da Terra, causando efeitos nocivos sobre a pele humana.<\/p>\n<p>Vale lembrar que durante a esta\u00e7\u00e3o mais quente do ano (no Hemisf\u00e9rio Sul) os dias se tornam mais longos do que as noites e as temperaturas se mant\u00eam em eleva\u00e7\u00e3o, consequentemente, h\u00e1 um aumento na intensidade da radia\u00e7\u00e3o solar, elevando tamb\u00e9m os IUVs.<\/p>\n<p><strong>Boletim IUV at\u00e9 15 de janeiro<\/strong><\/p>\n<p>No per\u00edodo entre os dias 11 e 15 de janeiro de 2011 para todo o Nordeste brasileiro, a previs\u00e3o \u00e9 que os IUVs se mantenham elevados, com valores variando entre 11 e 14. Em Salvador e regi\u00e3o Metropolitana o IUV ser\u00e1 correspondente a 13. J\u00e1 nas principais cidades baianas os \u00edndices oscilar\u00e3o entre 12 e 14. Segundo a Organiza\u00e7\u00e3o Mundial de Sa\u00fade esses dados correspondem a categoria de intensidade Extrema.<\/p>\n<p>A OMS recomenda cuidados cont\u00ednuos, j\u00e1 que mesmo com o aumento da nebulosidade (quanto menos nuvens maior a intensidades dos IUVs) registrado em grande parte do Nordeste do pa\u00eds, os \u00edndices assumem valores altos. Para quem se expor ao sol entre as 10h e 16h, \u00e9 necess\u00e1rio usar protetor solar, bon\u00e9s, \u00f3culos escuros e roupas leves. Em geral esses \u00edndices s\u00e3o medidos no per\u00edodo referente ao meio-dia, que \u00e9 o hor\u00e1rio de m\u00e1xima intensidade de radia\u00e7\u00e3o solar.<\/p>\n<p><strong><br \/>\nMar\u00e9<\/strong><\/p>\n<p>Entre os dias 13\/01 (quinta-feira) e 16\/01 (domingo), a mar\u00e9 alta dever\u00e1 atingir sua altura m\u00e1xima em torno das 11h30 e das 23h30, com valores variando entre 1,4 metros e 2 metros. J\u00e1 a mar\u00e9 baixa dever\u00e1 atingir seu m\u00ednimo em torno das 5h30 e das 17h30, com valores variando de 0,4 metro a 0,9 metro. As ondas dever\u00e3o ter agita\u00e7\u00e3o fraca, com altura m\u00e1xima podendo chegar a 1,5 metros.<\/p>\n","protected":false},"excerpt":{"rendered":"<p>C\u00e9u encoberto e chuvoso em grande parte da Bahia at\u00e9 domingo Para quem ir\u00e1 acompanhar o cortejo da tradicional Festa do Bonfim, em Salvador, \u00e9 bom se preparar para enfrentar uma quinta-feira quente com tempo bem inst\u00e1vel. Segundo o servi\u00e7o de meteorologia do Instituto de Gest\u00e3o das \u00c1guas e Clima (Ing\u00e1), o c\u00e9u encoberto de [&hellip;]<\/p>\n","protected":false},"author":2,"featured_media":0,"comment_status":"open","ping_status":"open","sticky":false,"template":"","format":"standard","meta":{"_links_to":"","_links_to_target":""},"categories":[29],"tags":[],"_links":{"self":[{"href":"https:\/\/www.r2cpress.com.br\/v1\/wp-json\/wp\/v2\/posts\/6433"}],"collection":[{"href":"https:\/\/www.r2cpress.com.br\/v1\/wp-json\/wp\/v2\/posts"}],"about":[{"href":"https:\/\/www.r2cpress.com.br\/v1\/wp-json\/wp\/v2\/types\/post"}],"author":[{"embeddable":true,"href":"https:\/\/www.r2cpress.com.br\/v1\/wp-json\/wp\/v2\/users\/2"}],"replies":[{"embeddable":true,"href":"https:\/\/www.r2cpress.com.br\/v1\/wp-json\/wp\/v2\/comments?post=6433"}],"version-history":[{"count":2,"href":"https:\/\/www.r2cpress.com.br\/v1\/wp-json\/wp\/v2\/posts\/6433\/revisions"}],"predecessor-version":[{"id":6435,"href":"https:\/\/www.r2cpress.com.br\/v1\/wp-json\/wp\/v2\/posts\/6433\/revisions\/6435"}],"wp:attachment":[{"href":"https:\/\/www.r2cpress.com.br\/v1\/wp-json\/wp\/v2\/media?parent=6433"}],"wp:term":[{"taxonomy":"category","embeddable":true,"href":"https:\/\/www.r2cpress.com.br\/v1\/wp-json\/wp\/v2\/categories?post=6433"},{"taxonomy":"post_tag","embeddable":true,"href":"https:\/\/www.r2cpress.com.br\/v1\/wp-json\/wp\/v2\/tags?post=6433"}],"curies":[{"name":"wp","href":"https:\/\/api.w.org\/{rel}","templated":true}]}}