{"id":64332,"date":"2013-05-02T13:49:01","date_gmt":"2013-05-02T16:49:01","guid":{"rendered":"http:\/\/www.r2cpress.com.br\/v1\/?p=64332"},"modified":"2013-05-02T13:49:01","modified_gmt":"2013-05-02T16:49:01","slug":"torneio-de-tenis-na-ilha-de-comandatuba","status":"publish","type":"post","link":"https:\/\/www.r2cpress.com.br\/v1\/2013\/05\/02\/torneio-de-tenis-na-ilha-de-comandatuba\/","title":{"rendered":"Torneio de T\u00eanis na Ilha de Comandatuba"},"content":{"rendered":"<p>Devido as fortes chuvas\u00a0 que ca\u00edram no litoral na Bahia nos \u00faltimos dias, especialmente na cidade de Salvador, a organizadora\u00a0 Agda Silva comenta que\u00a0 ficou impossibilitada de realizar no per\u00edodo de 3 a 5 Maio o V Tennis Cup Ilha de Comandatuba com o mesmo sucesso das edi\u00e7\u00f5es anteriores. Sendo assim, comunica ao p\u00fablico \u00a0o cancelamento do mesmo.<\/p>\n<p>Por\u00e9m, O grupo de tenistas da regi\u00e3o coordenados pelo professor Lu\u00eds Rog\u00e9rio Menezes (Charinho) e Jos\u00e9 Raimundo de Itabuna resolveram promover outro evento \u00a0que ser\u00e1 realizado nos dias 18 e 19 de maio no complexo ten\u00edstico do Hotel Transam\u00e9rica &#8211; Ilha de Comandatuba .<\/p>\n<p>Conforme explica Charinho, o local \u00e9 perfeito para a pr\u00e1tica do t\u00eanis por possuir uma bela estrutura contendo 10 quadras de piso r\u00e1pido. Al\u00e9m da finalidade prec\u00edpua de proporcionar uma confraterniza\u00e7\u00e3o entre os atletas,\u00a0 a competi\u00e7\u00e3o tamb\u00e9m promete ser bastante acirrada, pois, j\u00e1 existe uma rivalidade saud\u00e1vel \u00a0entre os tenistas da regi\u00e3o. \u00a0Contaremos com um bom n\u00famero de jogadores de v\u00e1rios n\u00edveis t\u00e9cnicos que disputar\u00e3o pela conquista de trof\u00e9us nas suas respectivas categorias.<\/p>\n<p>Para acomoda\u00e7\u00e3o dos tenistas, familiares e convidados organizamos um pacote especial . Os interessados em participar favor entrar em contato pelo telefone 73 9983 6690 ou e-mail <a href=\"mailto:charinho@uol.com.br\">charinho@uol.com.br<\/a>,<\/p>\n","protected":false},"excerpt":{"rendered":"<p>Devido as fortes chuvas\u00a0 que ca\u00edram no litoral na Bahia nos \u00faltimos dias, especialmente na cidade de Salvador, a organizadora\u00a0 Agda Silva comenta que\u00a0 ficou impossibilitada de realizar no per\u00edodo de 3 a 5 Maio o V Tennis Cup Ilha de Comandatuba com o mesmo sucesso das edi\u00e7\u00f5es anteriores. Sendo assim, comunica ao p\u00fablico \u00a0o [&hellip;]<\/p>\n","protected":false},"author":2,"featured_media":0,"comment_status":"open","ping_status":"open","sticky":false,"template":"","format":"standard","meta":{"_links_to":"","_links_to_target":""},"categories":[11],"tags":[],"_links":{"self":[{"href":"https:\/\/www.r2cpress.com.br\/v1\/wp-json\/wp\/v2\/posts\/64332"}],"collection":[{"href":"https:\/\/www.r2cpress.com.br\/v1\/wp-json\/wp\/v2\/posts"}],"about":[{"href":"https:\/\/www.r2cpress.com.br\/v1\/wp-json\/wp\/v2\/types\/post"}],"author":[{"embeddable":true,"href":"https:\/\/www.r2cpress.com.br\/v1\/wp-json\/wp\/v2\/users\/2"}],"replies":[{"embeddable":true,"href":"https:\/\/www.r2cpress.com.br\/v1\/wp-json\/wp\/v2\/comments?post=64332"}],"version-history":[{"count":1,"href":"https:\/\/www.r2cpress.com.br\/v1\/wp-json\/wp\/v2\/posts\/64332\/revisions"}],"predecessor-version":[{"id":64333,"href":"https:\/\/www.r2cpress.com.br\/v1\/wp-json\/wp\/v2\/posts\/64332\/revisions\/64333"}],"wp:attachment":[{"href":"https:\/\/www.r2cpress.com.br\/v1\/wp-json\/wp\/v2\/media?parent=64332"}],"wp:term":[{"taxonomy":"category","embeddable":true,"href":"https:\/\/www.r2cpress.com.br\/v1\/wp-json\/wp\/v2\/categories?post=64332"},{"taxonomy":"post_tag","embeddable":true,"href":"https:\/\/www.r2cpress.com.br\/v1\/wp-json\/wp\/v2\/tags?post=64332"}],"curies":[{"name":"wp","href":"https:\/\/api.w.org\/{rel}","templated":true}]}}