{"id":64334,"date":"2013-05-02T13:52:22","date_gmt":"2013-05-02T16:52:22","guid":{"rendered":"http:\/\/www.r2cpress.com.br\/v1\/?p=64334"},"modified":"2013-05-02T13:52:22","modified_gmt":"2013-05-02T16:52:22","slug":"prefeitura-de-ilheus-realiza-mais-dois-mutiroes-contra-dengue","status":"publish","type":"post","link":"https:\/\/www.r2cpress.com.br\/v1\/2013\/05\/02\/prefeitura-de-ilheus-realiza-mais-dois-mutiroes-contra-dengue\/","title":{"rendered":"Prefeitura de Ilh\u00e9us realiza mais dois mutir\u00f5es contra dengue"},"content":{"rendered":"<p>A Prefeitura de Ilh\u00e9us, atrav\u00e9s da Secretaria Municipal de Sa\u00fade (SMS), prossegue as a\u00e7\u00f5es de combate \u00e0 prolifera\u00e7\u00e3o do mosquito transmissor da dengue, o Aedes aegypti, com mais dois faxina\u00e7os em locais de alto \u00edndice de infesta\u00e7\u00e3o. Nesta sexta-feira, 3, a a\u00e7\u00e3o ocorre novamente no Alto do Bas\u00edlio, desta vez na \u00e1rea norte do bairro. No s\u00e1bado, o mutir\u00e3o vai ocorrer nos conjuntos habitacionais do Minha Casa Minha Vida, no Banco da Vit\u00f3ria.   <\/p>\n<div id=\"attachment_64335\" style=\"width: 510px\" class=\"wp-caption aligncenter\"><a href=\"http:\/\/www.r2cpress.com.br\/v1\/wp-content\/uploads\/Mutir\u00e3o-de-combate-\u00e0-Dengue-Foto-Roberto-Santos-Secom-Ilh\u00e9us-15.jpg\"><img aria-describedby=\"caption-attachment-64335\" loading=\"lazy\" src=\"http:\/\/www.r2cpress.com.br\/v1\/wp-content\/uploads\/Mutir\u00e3o-de-combate-\u00e0-Dengue-Foto-Roberto-Santos-Secom-Ilh\u00e9us-15.jpg\" alt=\"Mutir\u00e3o de combate \u00e0 Dengue - Foto Roberto Santos - Secom Ilh\u00e9us.\" width=\"500\" height=\"375\" class=\"size-full wp-image-64335\" srcset=\"https:\/\/www.r2cpress.com.br\/v1\/wp-content\/uploads\/Mutir\u00e3o-de-combate-\u00e0-Dengue-Foto-Roberto-Santos-Secom-Ilh\u00e9us-15.jpg 500w, https:\/\/www.r2cpress.com.br\/v1\/wp-content\/uploads\/Mutir\u00e3o-de-combate-\u00e0-Dengue-Foto-Roberto-Santos-Secom-Ilh\u00e9us-15-300x225.jpg 300w\" sizes=\"(max-width: 500px) 100vw, 500px\" \/><\/a><p id=\"caption-attachment-64335\" class=\"wp-caption-text\">Mutir\u00e3o de combate \u00e0 Dengue &#8211; Foto Roberto Santos &#8211; Secom Ilh\u00e9us.<\/p><\/div>\n<p>Durante o faxina\u00e7o, coordenado pelo Departamento de Vigil\u00e2ncia Epidemiol\u00f3gica, ser\u00e3o distribu\u00eddos sacos de lixo e folhetos com orienta\u00e7\u00f5es sobre medidas preventivas e de combate \u00e0 dengue. A secretaria tamb\u00e9m distribuir\u00e1, nos casos necess\u00e1rios, telas e tampas para cobertura de ton\u00e9is, caixas d\u2019\u00e1gua e tanques.<\/p>\n<p>O mutir\u00e3o conta com a colabora\u00e7\u00e3o dos agentes de endemias e agentes comunit\u00e1rios de sa\u00fade, bem como da secretaria de Servi\u00e7os Urbanos (Sedur) e da 6\u00aa Diretoria Regional de Sa\u00fade (Dires).<\/p>\n<p>&#8212;<br \/>\nSecretaria de Comunica\u00e7\u00e3o Social (Secom)<br \/>\nIlh\u00e9us \u2013 02.05.2013<\/p>\n","protected":false},"excerpt":{"rendered":"<p>A Prefeitura de Ilh\u00e9us, atrav\u00e9s da Secretaria Municipal de Sa\u00fade (SMS), prossegue as a\u00e7\u00f5es de combate \u00e0 prolifera\u00e7\u00e3o do mosquito transmissor da dengue, o Aedes aegypti, com mais dois faxina\u00e7os em locais de alto \u00edndice de infesta\u00e7\u00e3o. Nesta sexta-feira, 3, a a\u00e7\u00e3o ocorre novamente no Alto do Bas\u00edlio, desta vez na \u00e1rea norte do bairro. [&hellip;]<\/p>\n","protected":false},"author":2,"featured_media":0,"comment_status":"open","ping_status":"open","sticky":false,"template":"","format":"standard","meta":{"_links_to":"","_links_to_target":""},"categories":[23],"tags":[],"_links":{"self":[{"href":"https:\/\/www.r2cpress.com.br\/v1\/wp-json\/wp\/v2\/posts\/64334"}],"collection":[{"href":"https:\/\/www.r2cpress.com.br\/v1\/wp-json\/wp\/v2\/posts"}],"about":[{"href":"https:\/\/www.r2cpress.com.br\/v1\/wp-json\/wp\/v2\/types\/post"}],"author":[{"embeddable":true,"href":"https:\/\/www.r2cpress.com.br\/v1\/wp-json\/wp\/v2\/users\/2"}],"replies":[{"embeddable":true,"href":"https:\/\/www.r2cpress.com.br\/v1\/wp-json\/wp\/v2\/comments?post=64334"}],"version-history":[{"count":2,"href":"https:\/\/www.r2cpress.com.br\/v1\/wp-json\/wp\/v2\/posts\/64334\/revisions"}],"predecessor-version":[{"id":64337,"href":"https:\/\/www.r2cpress.com.br\/v1\/wp-json\/wp\/v2\/posts\/64334\/revisions\/64337"}],"wp:attachment":[{"href":"https:\/\/www.r2cpress.com.br\/v1\/wp-json\/wp\/v2\/media?parent=64334"}],"wp:term":[{"taxonomy":"category","embeddable":true,"href":"https:\/\/www.r2cpress.com.br\/v1\/wp-json\/wp\/v2\/categories?post=64334"},{"taxonomy":"post_tag","embeddable":true,"href":"https:\/\/www.r2cpress.com.br\/v1\/wp-json\/wp\/v2\/tags?post=64334"}],"curies":[{"name":"wp","href":"https:\/\/api.w.org\/{rel}","templated":true}]}}