{"id":6436,"date":"2011-01-12T20:43:51","date_gmt":"2011-01-12T23:43:51","guid":{"rendered":"http:\/\/www.r2cpress.com.br\/v1\/?p=6436"},"modified":"2011-01-12T20:43:51","modified_gmt":"2011-01-12T23:43:51","slug":"alexandre-padilha-quer-retomar-dialogo-com-os-medicos","status":"publish","type":"post","link":"https:\/\/www.r2cpress.com.br\/v1\/2011\/01\/12\/alexandre-padilha-quer-retomar-dialogo-com-os-medicos\/","title":{"rendered":"Alexandre Padilha quer retomar di\u00e1logo com os m\u00e9dicos"},"content":{"rendered":"<p><em><strong>Em visita ao CFM, ele recebeu documento com prioridades do movimento m\u00e9dico nacional, entre eles a cria\u00e7\u00e3o de uma carreira nacional para o SUS<\/strong><\/em><\/p>\n<p>O ministro da Sa\u00fade Alexandre Padilha afirmou, nesta quarta-feira (12), que seu compromisso fundamental \u00e9 retomar um amplo e permanente di\u00e1logo com as entidades m\u00e9dicas. \u201c\u00c9 fundamental a participa\u00e7\u00e3o das entidades porque n\u00e3o tenho d\u00favida que estamos num momento de virada no setor. Queremos envolver a categoria nas mudan\u00e7as que pretendemos fazer\u201d. A afirma\u00e7\u00e3o foi feita durante visita ao Plen\u00e1rio do Conselho Federal de Medicina (CFM).<\/p>\n<p>O ministro pediu apoio do Conselho para melhorar o trabalho do Sistema \u00danico de Sa\u00fade (SUS). \u201cAquilo que cada m\u00e9dico faz que \u00e9 avaliar a qualidade do seu atendimento, precisamos fazer de forma p\u00fablica nos espa\u00e7os do SUS\u201d.<\/p>\n<p>Na oportunidade, o  presidente do CFM, Roberto d\u2019Avila, entregou \u00e0 Padilha documento com 11 desafios considerados priorit\u00e1rios para o movimento m\u00e9dico nacional. Dentre eles, o CFM pede apoio do Minist\u00e9rio ao projeto de Lei de Regulamenta\u00e7\u00e3o da Medicina, aprovado pela C\u00e2mara dos Deputados, e em tramita\u00e7\u00e3o no Senado Federal. Outro destaque \u00e9 a regulamenta\u00e7\u00e3o da Emenda Constitucional 29, considerada tamb\u00e9m por Padilha como essencial pro setor. (Em anexo a \u00edntegra o documento)<\/p>\n<p> <!--more--><\/p>\n<p>Outro ponto debatido no encontro foi o retorno das entidades m\u00e9dicas no Conselho Nacional de Sa\u00fade (CNS). Padilha salientou que gostaria que os m\u00e9dicos tenham um acento no Conselho, pois acredita que a categoria \u00e9 fundamental para o debate da sa\u00fade. \u201cQuero abrir uma nova estrutura no CNS e quero que os m\u00e9dicos participem deste processo\u201d. O presidente do CFM enalteceu que \u00e9 interesse da categoria colaborar. \u201cRetornaremos ao CNS quando tivermos um espa\u00e7o adequado. Acreditamos que o CNS precisa ser mais t\u00e9cnico e menos partid\u00e1rio\u201d.<\/p>\n<p>O novo ministro reafirmou, ainda, as metas de fixar, formar e interiorizar o m\u00e9dico. \u201cUm dos grandes objetivos de minha gest\u00e3o ser\u00e1 formar, garantir uma educa\u00e7\u00e3o permanente e interiorizar o profissional\u201d.<\/p>\n<p>Segundo ele, o Minist\u00e9rio estudar\u00e1 todas as iniciativas para garantir a fixa\u00e7\u00e3o do m\u00e9dico nos munic\u00edpios que mais necessitam. \u201cSabemos que somente sal\u00e1rio n\u00e3o ajuda. Uma forma\u00e7\u00e3o profissional e uma estrutura de qualidade sim s\u00e3o decisivas\u201d, afirmou Padilha, que concluiu \u201do objetivo fundamental \u00e9 garantir que profissionais de qualidade estejam presentes\u201d.<\/p>\n<p>Em sua visita, ele afirmou que ser\u00e1 aprofundado o relat\u00f3rio da Comiss\u00e3o Especial para elabora\u00e7\u00e3o de proposta de carreira para m\u00e9dicos no SUS, do MS.<\/p>\n<p>Prioridades &#8211; Segundo Alexandre Padilha, ao ser convidado para o cargo, recebeu da presidente Dilma Rousseff o pedido de implementar melhorias no atendimento \u00e0 sa\u00fade da mulher e da crian\u00e7a e que o Minist\u00e9rio disponibilize o mais r\u00e1pido poss\u00edvel, a gratuidade dos medicamentos para diab\u00e9ticos e hipertensos. Tamb\u00e9m foi solicitado por ela, um cuidado especial e priorit\u00e1rio para a instala\u00e7\u00e3o das Unidades de Pronto Atendimento no Brasil (UPAS).<\/p>\n<p>Tamb\u00e9m foi colocado como meta o enfrentamento ao crack. \u201cEsse n\u00e3o \u00e9 um desafio s\u00f3 da \u00e1rea da Sa\u00fade, envolve outros segmentos. Mas se a Sa\u00fade n\u00e3o liderar, n\u00e3o protagonizar as a\u00e7\u00f5es de preven\u00e7\u00e3o, de tratamento, de reabilita\u00e7\u00e3o, reinser\u00e7\u00e3o social, vamos perder a oportunidade de interromper o avan\u00e7o desse problema\u201d, afirmou o ministro.<\/p>\n<p>Outra prioridade estabelecida por Dilma foi a realiza\u00e7\u00e3o de um esfor\u00e7o no combate a dengue. Durante visita, o CFM aprovou uma nota em apoio \u00e0s iniciativas coordenadas pelo Minist\u00e9rio no sentido de refor\u00e7ar a preven\u00e7\u00e3o e o combate ao mosquito Aedes Aegypti. O texto afirma que espera-se que a a\u00e7\u00e3o intersetorial consolide a percep\u00e7\u00e3o de que a dengue n\u00e3o \u00e9 um problema unicamente da Sa\u00fade, mas do Brasil. (Leia abaixo mat\u00e9ria sobre o assunto)<\/p>\n<p><strong><br \/>\nDENGUE<\/strong><\/p>\n<p><strong><br \/>\nConselho Federal de Medicina manifesta apoio \u00e0s iniciativas coordenadas pelo Minist\u00e9rio de Sa\u00fade<\/strong><\/p>\n<p>O Conselho Federal de Medicina (CFM) divulgou nota nesta quarta-feira (12) em apoio \u00e0s iniciativas coordenadas pelo Minist\u00e9rio de Sa\u00fade no sentido de refor\u00e7ar a preven\u00e7\u00e3o e o combate ao mosquito Aedes Aegypti.<\/p>\n<p>A entidade afirma que espera que a a\u00e7\u00e3o intersetorial consolide a percep\u00e7\u00e3o de que a dengue n\u00e3o \u00e9 um problema unicamente da Sa\u00fade, mas do Brasil.<\/p>\n<p>Na nota, o CFM informa que est\u00e1 a disposi\u00e7\u00e3o para contribuir na elabora\u00e7\u00e3o de pol\u00edticas de combate e preven\u00e7\u00e3o, nas a\u00e7\u00f5es de mobiliza\u00e7\u00e3o social e pol\u00edtica e na qualifica\u00e7\u00e3o dos m\u00e9dicos para diagn\u00f3stico e tratamento da doen\u00e7a.  O documento foi entregue ao ministro Alexandre Padilha, que falou estar muito feliz com o apoio institucional.<\/p>\n<p><strong>NOTA A IMPRENSA SOBRE A SITUACAO DA DENGUE NO BRASIL<\/strong><\/p>\n<p>Preocupado com o avan\u00e7o da dengue no pa\u00eds, materializado pela divulga\u00e7\u00e3o na ter\u00e7a-feira (11) do novo mapa de risco da doen\u00e7a no Brasil, o Conselho Federal de Medicina (CFM) manifesta publicamente seu apoio \u00e0s iniciativas coordenadas pelo Minist\u00e9rio de Sa\u00fade no sentido de refor\u00e7ar a preven\u00e7\u00e3o e o combate ao mosquito Aedes aegypti.<\/p>\n<p>Neste momento, torna-se fundamental o acompanhamento sistem\u00e1tico da implanta\u00e7\u00e3o dos planos de conting\u00eancia nos estados sob amea\u00e7a de epidemia de forma a garantir atendimento de qualidade \u00e0 popula\u00e7\u00e3o em tempo adequado, minimizando os efeitos nocivos da doen\u00e7a e evitando o aumento do n\u00famero v\u00edtimas, inclusive fatais.<\/p>\n<p>Tais objetivos, no entanto, apenas atingiram seu pleno \u00eaxito com a manuten\u00e7\u00e3o do relevante esfor\u00e7o integrado de v\u00e1rios setores da gest\u00e3o p\u00fablica em todas as esferas \u2013 federal, estadual e municipal \u2013 no sentido de articular a formula\u00e7\u00e3o de a\u00e7\u00f5es capazes de oferecer os mecanismos adequados e necess\u00e1rios \u00e0 preven\u00e7\u00e3o e ao controle da doen\u00e7a. <\/p>\n<p>Esperamos que essa a\u00e7\u00e3o intersetorial consolide a percep\u00e7\u00e3o de que a dengue n\u00e3o \u00e9 um problema unicamente da Sa\u00fade, mas do pa\u00eds, o que implica na ado\u00e7\u00e3o de medidas urgentes nos campos da assist\u00eancia \u2013 com a esperada integra\u00e7\u00e3o entre as \u00e1reas de vigil\u00e2ncia e aten\u00e7\u00e3o b\u00e1sica -, saneamento, coleta de lixo, seguran\u00e7a, educa\u00e7\u00e3o, turismo, distribui\u00e7\u00e3o de renda, meio ambiente, trabalho, entre outros, assim como na garantia de mais recursos para o SUS.<\/p>\n<p>Da mesma forma, conclamamos o envolvimento de todos os setores da sociedade (gestores, parlamentares, movimentos civis organizados, empres\u00e1rios, profissionais da sa\u00fade, trabalhadores, etc) nesta luta, demonstrando claramente o importante papel que cada cidad\u00e3o no enfrentamento dessa epidemia.<\/p>\n<p>Neste sentido, o Conselho Federal de Medicina, como entidade representativa dos 350 mil m\u00e9dicos brasileiros, coloca-se como parceiro na batalha contra a dengue e oferece-se para contribuir na elabora\u00e7\u00e3o de pol\u00edticas de combate e preven\u00e7\u00e3o, nas a\u00e7\u00f5es de mobiliza\u00e7\u00e3o social e pol\u00edtica e na qualifica\u00e7\u00e3o dos m\u00e9dicos para diagn\u00f3stico e tratamento da doen\u00e7a, entre outros. Nossa contribui\u00e7\u00e3o se ancora na cren\u00e7a de que apenas com a a\u00e7\u00e3o de todos n\u00f3s, poderemos, juntos, evitar o avan\u00e7o dessa doen\u00e7a. <\/p>\n","protected":false},"excerpt":{"rendered":"<p>Em visita ao CFM, ele recebeu documento com prioridades do movimento m\u00e9dico nacional, entre eles a cria\u00e7\u00e3o de uma carreira nacional para o SUS O ministro da Sa\u00fade Alexandre Padilha afirmou, nesta quarta-feira (12), que seu compromisso fundamental \u00e9 retomar um amplo e permanente di\u00e1logo com as entidades m\u00e9dicas. \u201c\u00c9 fundamental a participa\u00e7\u00e3o das entidades [&hellip;]<\/p>\n","protected":false},"author":2,"featured_media":0,"comment_status":"open","ping_status":"open","sticky":false,"template":"","format":"standard","meta":{"_links_to":"","_links_to_target":""},"categories":[18],"tags":[],"_links":{"self":[{"href":"https:\/\/www.r2cpress.com.br\/v1\/wp-json\/wp\/v2\/posts\/6436"}],"collection":[{"href":"https:\/\/www.r2cpress.com.br\/v1\/wp-json\/wp\/v2\/posts"}],"about":[{"href":"https:\/\/www.r2cpress.com.br\/v1\/wp-json\/wp\/v2\/types\/post"}],"author":[{"embeddable":true,"href":"https:\/\/www.r2cpress.com.br\/v1\/wp-json\/wp\/v2\/users\/2"}],"replies":[{"embeddable":true,"href":"https:\/\/www.r2cpress.com.br\/v1\/wp-json\/wp\/v2\/comments?post=6436"}],"version-history":[{"count":2,"href":"https:\/\/www.r2cpress.com.br\/v1\/wp-json\/wp\/v2\/posts\/6436\/revisions"}],"predecessor-version":[{"id":6438,"href":"https:\/\/www.r2cpress.com.br\/v1\/wp-json\/wp\/v2\/posts\/6436\/revisions\/6438"}],"wp:attachment":[{"href":"https:\/\/www.r2cpress.com.br\/v1\/wp-json\/wp\/v2\/media?parent=6436"}],"wp:term":[{"taxonomy":"category","embeddable":true,"href":"https:\/\/www.r2cpress.com.br\/v1\/wp-json\/wp\/v2\/categories?post=6436"},{"taxonomy":"post_tag","embeddable":true,"href":"https:\/\/www.r2cpress.com.br\/v1\/wp-json\/wp\/v2\/tags?post=6436"}],"curies":[{"name":"wp","href":"https:\/\/api.w.org\/{rel}","templated":true}]}}