{"id":64521,"date":"2013-05-04T12:30:37","date_gmt":"2013-05-04T15:30:37","guid":{"rendered":"http:\/\/www.r2cpress.com.br\/v1\/?p=64521"},"modified":"2013-05-04T12:30:37","modified_gmt":"2013-05-04T15:30:37","slug":"se-e-para-explicar-esta-explicado","status":"publish","type":"post","link":"https:\/\/www.r2cpress.com.br\/v1\/2013\/05\/04\/se-e-para-explicar-esta-explicado\/","title":{"rendered":"SE \u00c9 PARA EXPLICAR, EST\u00c1 EXPLICADO"},"content":{"rendered":"<p><em><\/em><img loading=\"lazy\" src=\"http:\/\/www.r2cpress.com.br\/v1\/wp-content\/uploads\/NILSON-PESSOA_MODIFICADA.jpg\" width=\"300\" height=\"209\" class=\"alignleft\" \/>Ontem, no centro da cidade, fui interceptado por um cidad\u00e3o, certamente opositor ao atual prefeito, que indagou em tom ir\u00f4nico: &#8220;T\u00e1 botando pra quebrar no prefeito, n\u00e9?&#8221;. N\u00e3o entendi e pedi ao cara pra esmiu\u00e7ar o que, na verdade, ele queria dizer. &#8220;Aquelas coisas que voc\u00ea escreve todo dia sobre o lix\u00e3o l\u00e1, a &#8216;Z\u00e2mbia&#8217;, eu leio sempre&#8221;. Educada e pacientemente, tive que explicar, nos m\u00ednimos detalhes que, em primeiro lugar, n\u00e3o sou do lado de A, B ou C, nunca fui filiado a nenhum partido pol\u00edtico e n\u00e3o votei contra nem a favor do atual prefeito nem dos anteriores. Meu protesto sincero e leg\u00edtimo \u00e9 consequ\u00eancia da minha indigna\u00e7\u00e3o com os absurdos incontest\u00e1veis e inaceit\u00e1veis que vejo \u00e0 minha volta e que afetam a mim e outros, direta ou indiretamente. S\u00e3o os buracos que quase me impedem de chegar ou sair de casa, \u00e9 um lix\u00e3o permanente numa \u00e1rea residencial, praticamente dentro de um col\u00e9gio e vizinho ao que ser\u00e1 (ou seria) uma creche. Por falar na creche, creche essa constru\u00edda com meu dinheiro de impostos, obra n\u00e3o inaugurada, inacabada e aparentemente interrompida. Enfim, fatos vergonhosos cuja import\u00e2ncia se sobrep\u00f5e a quem \u00e9 ou deixa de ser o gestor municipal; s\u00f3 quero solu\u00e7\u00e3o &#8211; e j\u00e1 &#8211; como cidad\u00e3o consciente dos meus deveres e direitos. N\u00e3o me identifico com nenhum dos gestores do passado ou presente, mas ainda dou um voto de confian\u00e7a \u00e0 capacidade intelectual e administrativa do atual secret\u00e1rio da pasta do Desenvolvimento Urbano. Lamento, no entanto, a demora em se resolver quest\u00f5es t\u00e3o relevantes e de tamanha urg\u00eancia. Considero a mais escabrosa de todas, sem d\u00favida, a do lix\u00e3o, pelos danos ambientais, pelo alto risco \u00e0 sa\u00fade dos cidad\u00e3os e, agora, pelo risco constatado que traz tamb\u00e9m \u00e0 avia\u00e7\u00e3o. Minhas fotos n\u00e3o mentem e fa\u00e7o quest\u00e3o de mencionar as datas em que foram feitas. Ainda educada, por\u00e9m impacientemente, exijo e aguardo solu\u00e7\u00e3o.  E n\u00e3o h\u00e1 como contradizer que a regi\u00e3o do Santo Ant\u00f4nio de P\u00e1dua e Faelba continua, sempre e cada vez mais, esquecida e abandonada pelo munic\u00edpio.<\/p>\n<p><em><strong>Nilson Pessoa<\/strong><\/em><\/p>\n","protected":false},"excerpt":{"rendered":"<p>Ontem, no centro da cidade, fui interceptado por um cidad\u00e3o, certamente opositor ao atual prefeito, que indagou em tom ir\u00f4nico: &#8220;T\u00e1 botando pra quebrar no prefeito, n\u00e9?&#8221;. N\u00e3o entendi e pedi ao cara pra esmiu\u00e7ar o que, na verdade, ele queria dizer. &#8220;Aquelas coisas que voc\u00ea escreve todo dia sobre o lix\u00e3o l\u00e1, a &#8216;Z\u00e2mbia&#8217;, [&hellip;]<\/p>\n","protected":false},"author":2,"featured_media":0,"comment_status":"open","ping_status":"open","sticky":false,"template":"","format":"standard","meta":{"_links_to":"","_links_to_target":""},"categories":[10],"tags":[],"_links":{"self":[{"href":"https:\/\/www.r2cpress.com.br\/v1\/wp-json\/wp\/v2\/posts\/64521"}],"collection":[{"href":"https:\/\/www.r2cpress.com.br\/v1\/wp-json\/wp\/v2\/posts"}],"about":[{"href":"https:\/\/www.r2cpress.com.br\/v1\/wp-json\/wp\/v2\/types\/post"}],"author":[{"embeddable":true,"href":"https:\/\/www.r2cpress.com.br\/v1\/wp-json\/wp\/v2\/users\/2"}],"replies":[{"embeddable":true,"href":"https:\/\/www.r2cpress.com.br\/v1\/wp-json\/wp\/v2\/comments?post=64521"}],"version-history":[{"count":4,"href":"https:\/\/www.r2cpress.com.br\/v1\/wp-json\/wp\/v2\/posts\/64521\/revisions"}],"predecessor-version":[{"id":64525,"href":"https:\/\/www.r2cpress.com.br\/v1\/wp-json\/wp\/v2\/posts\/64521\/revisions\/64525"}],"wp:attachment":[{"href":"https:\/\/www.r2cpress.com.br\/v1\/wp-json\/wp\/v2\/media?parent=64521"}],"wp:term":[{"taxonomy":"category","embeddable":true,"href":"https:\/\/www.r2cpress.com.br\/v1\/wp-json\/wp\/v2\/categories?post=64521"},{"taxonomy":"post_tag","embeddable":true,"href":"https:\/\/www.r2cpress.com.br\/v1\/wp-json\/wp\/v2\/tags?post=64521"}],"curies":[{"name":"wp","href":"https:\/\/api.w.org\/{rel}","templated":true}]}}