{"id":64526,"date":"2013-05-04T12:46:17","date_gmt":"2013-05-04T15:46:17","guid":{"rendered":"http:\/\/www.r2cpress.com.br\/v1\/?p=64526"},"modified":"2013-05-04T12:46:17","modified_gmt":"2013-05-04T15:46:17","slug":"hans-schaeppi-em-h-o-t-e-la-r-i-a-e-t-u-r-i-s-m-o","status":"publish","type":"post","link":"https:\/\/www.r2cpress.com.br\/v1\/2013\/05\/04\/hans-schaeppi-em-h-o-t-e-la-r-i-a-e-t-u-r-i-s-m-o\/","title":{"rendered":"Hans  Schaeppi em: H O T E LA R I A  E  T U R I S M O"},"content":{"rendered":"<p style=\"text-align: left;\" align=\"center\"><strong>por Hans\u00a0 Schaeppi<\/strong><\/p>\n<div style=\"width: 249px\" class=\"wp-caption alignleft\"><img loading=\"lazy\" title=\" Hans  Schaeppi\" alt=\" Hans  Schaeppi\" src=\"http:\/\/www.r2cpress.com.br\/v1\/wp-content\/uploads\/Hans-Schaeppi_.jpg\" width=\"239\" height=\"318\" \/><p class=\"wp-caption-text\">Hans Schaeppi<\/p><\/div>\n<p align=\"center\">\u00a0<strong>PORTO INTERNACIONAL DE ILH\u00c9US<\/strong><\/p>\n<p>\u00a0\u00a0\u00a0\u00a0\u00a0\u00a0 O descaso da Codeba com o nosso Porto Internacional de Ilh\u00e9us (Malhado) foi bem retratado no artigo do COESO \u2013 Comit\u00ea de Entidades Sociais, publicado no Di\u00e1rio de Ilh\u00e9us no dia 24\/04. As perguntas s\u00e3o todas pertinentes, o descaso \u00e9 patente. Reproduzimos a parte final do artigo, pois tamb\u00e9m participamos da presun\u00e7\u00e3o nela contida: \u201cN\u00e3o podemos afirmar, por\u00e9m, n\u00e3o \u00e9 demais se presumir que a omiss\u00e3o do governo do Estado da Bahia, atrav\u00e9s da Infraestrutura, Secretaria de Portos e CODEBA, propositadamente, ou n\u00e3o, est\u00e3o levando o Porto do Malhado a uma condi\u00e7\u00e3o de irreversibilidade, depreciando-o para entreg\u00e1-los a grupos privados, por qualquer bagatela? Tomara que n\u00e3o, mas essa possibilidade n\u00e3o se pode descartar.\u201d<\/p>\n<p>Essa \u00e9, tamb\u00e9m, a nossa desconfian\u00e7a.<\/p>\n<p align=\"center\"><strong>A PONTE<\/strong><\/p>\n<p>\u00a0\u00a0\u00a0\u00a0\u00a0\u00a0 Foi realizada no dia 23\/04 em Salvador, a licita\u00e7\u00e3o da ponte ligando e centro de Ilh\u00e9us ao bairro do Pontal, obra aguardada ansiosamente pela popula\u00e7\u00e3o. Segundo anunciou o vice-governador Otto Alencar, no mesmo dia, a licita\u00e7\u00e3o foi vencida pela empresa Constran S\/A, por um valor aproximado de R$ 165 milh\u00f5es, e se n\u00e3o houver impugna\u00e7\u00f5es no prazo de 15 dias a contar daquela data, a obra dever\u00e1 ser iniciada no anivers\u00e1rio da cidade, 28 de junho. A Constran S\/A \u00e9 uma das grandes empreiteiras do pa\u00eds, sendo especializada em obras-de-artes \u00a0especiais, barragens, rodovias, ferrovias, e obras portu\u00e1rias mar\u00edtimas e fluviais, estando no momento construindo trechos da Ferrovia Norte-Sul. A ponte, pois, estar\u00e1 em boas m\u00e3os. A nova ponte, estaiada, ter\u00e1 497 metros de extens\u00e3o, ficando a construtora respons\u00e1vel, igualmente, pelo sistema vi\u00e1rio decorrente.<\/p>\n<p align=\"center\"><strong>FIOL<\/strong><\/p>\n<p align=\"center\"><!--more--><\/p>\n<p>\u00a0\u00a0\u00a0\u00a0\u00a0\u00a0 Um grande semin\u00e1rio com o tema \u201cA Bahia Quer, o Brasil Precisa\u201d, foi realizado no dia 26 do m\u00eas passado em Barreiras(BA), reunindo autoridades e pol\u00edticos baianos, buscando acelerar a constru\u00e7\u00e3o da Ferrovia de Integra\u00e7\u00e3o Oeste-Leste (FIOL), ligando Ilh\u00e9us(BA) a Figueir\u00f3polis(TO).\u00a0 A bancada baiana deveria se preocupar mais com o Porto Sul, j\u00e1 que o trecho ferrovi\u00e1rio at\u00e9 Caetet\u00e9 j\u00e1 se acha liberado, necessitando acertos com empreiteiros e outros problemas mais f\u00e1ceis de serem resolvidos. Mas n\u00e3o ir\u00e1 adiantar muito, termos a ferrovia, sem termos o Porto Sul para escoar o min\u00e9rio de ferro e outros produtos provindos dos munic\u00edpios baianos atravessados pela ferrovia. Afinal, o que se faz necess\u00e1rio para a libera\u00e7\u00e3o da constru\u00e7\u00e3o do Porto Sul? Que responda o Governo do Estado.<\/p>\n<p align=\"center\"><strong>CONGRESSO DA PEQUENA EMPRESA<\/strong><\/p>\n<p>\u00a0\u00a0\u00a0\u00a0\u00a0\u00a0 Ser\u00e1 realizado em Ilh\u00e9us, nos pr\u00f3ximos dias 13 \u00a0e 14 , o IV Congresso Norte e Nordeste da Pequena Empresa e do Empreendedor Individual, com o tema \u201cBrasil com Oportunidades\u201d. O Congresso \u00e9 promovido pela Associa\u00e7\u00e3o das Micro e Pequenas Empresas (Ampesba) e acontecer\u00e1 no audit\u00f3rio Paulo Souto, da UESC., e ser\u00e1 aberto com apresenta\u00e7\u00e3o da Palestra Magna, pelo gerente da Unidade de Pol\u00edticas P\u00fablicas do Sebrae Nacional, Bruno Quik, que discorrer\u00e1 sobre o tema central do evento. Palestras t\u00e9cnicas e estrat\u00e9gias para o crescimento da pequena empresa, ser\u00e3o debatidas visando oportunidades de Desenvolvimento Econ\u00f4mico Regional.<\/p>\n<p align=\"center\"><strong>FESTIVAL DO CHOCOLATE<\/strong><\/p>\n<p>\u00a0\u00a0\u00a0\u00a0\u00a0\u00a0\u00a0\u00a0 Aconteceu na \u00faltima ter\u00e7a-feira, 30\/04, no espa\u00e7o Volp, na Avenida Soares Lopes, o coquetel de lan\u00e7amento do V Festival Internacional do Chocolate e Cacau, evento que acontecer\u00e1 nos dias 03 a 07 de julho no Centro de Conven\u00e7\u00f5es Lu\u00eds Eduardo Magalh\u00e3es. O festival, promovido pela MVU Promo\u00e7\u00f5es e Eventos, conta com o apoio da Secretaria Estadual de Turismo, Associa\u00e7\u00e3o dos Produtores de Cacau, Ceplac, Sebrae e outros \u00f3rg\u00e3os. Durante o coquetel foi apresentado o projeto e atra\u00e7\u00f5es que far\u00e3o parte do evento. Autoridades e produtores de cacau e de chocolate se fizeram presentes.<\/p>\n<p align=\"center\"><strong>PROJETO\u00a0 ORLA<\/strong><\/p>\n<p>\u00a0\u00a0\u00a0\u00a0 Na ter\u00e7a-feira passada, dia 30\/04, aconteceu no Sal\u00e3o Nobre do Pal\u00e1cio Paranagu\u00e1, uma Reuni\u00e3o Extraordin\u00e1ria do Comit\u00ea Gestor do Projeto Orla\/Ilh\u00e9us, ocasi\u00e3o em que foi apresentada a nova composi\u00e7\u00e3o do Comit\u00ea. A reuni\u00e3o foi presidida pelo Secret\u00e1rio de Meio Ambiente e Urbanismo, Ant\u00f4nio Vieira e contou com a presen\u00e7a do vice-prefeito Cac\u00e1, do secret\u00e1rio de Infraestrutura Isaac Albagli, e representantes de entidades\u00a0 da iniciativa privada.<\/p>\n<p align=\"center\"><strong>B I T S\u00a0 &#8211;\u00a0 T U R<\/strong><\/p>\n<p>O Dia do Trabalhador 1\u00ba de maio foi comemorado em Ilh\u00e9us e Itabuna, com atividades esportivas e de lazer *** Confirmado para o pr\u00f3ximo doa 09 de maio (quinta-feira), \u00e0s 19hs no Audit\u00f3rio Paulo Souto, da UESC, o 22\u00ba Semin\u00e1rio de Marketing da Bahia, uma realiza\u00e7\u00e3o da Associa\u00e7\u00e3o Comercial de Itabuna *** Anima\u00e7\u00e3o: no dia 03\/05, os Tit\u00e3s se apresentaram em Ilh\u00e9us na Arena Bora Bora. Neste s\u00e1bado, 04, no mesmo espa\u00e7o, acontecer\u00e1 o show de forr\u00f3 \u201cEncosta N\u2019Eu!\u201d com a banda Cang\u00e1ia de Jegue e participa\u00e7\u00e3o do Zabumbahia. No mesmo dia 04, no Centro de Conven\u00e7\u00f5es da Bahia, tem o show de Marco Luque \u201cTamo Junto\u201d *** O Teatro Popular de Ilh\u00e9us come\u00e7ou em sua Tenda, apresentando no dia 1\u00ba, a atra\u00e7\u00e3o Ilh\u00e9us Dan\u00e7a, apresentando bal\u00e9 cl\u00e1ssico e moderno, e muito jazz. Os pr\u00f3ximos domingos, 16 e 26, est\u00e3o reservados para dan\u00e7a infantil *** \u00a0J\u00e1 come\u00e7ou o \u201cFestival de Cora\u00e7\u00f5es\u201d do Chocolate Caseiro, com descontos especiais em suas lojas, durante todo o m\u00eas de maio. D\u00ea um cora\u00e7\u00e3o a quem voc\u00ea ama!<\/p>\n<p>&nbsp;<\/p>\n<p>&nbsp;<\/p>\n","protected":false},"excerpt":{"rendered":"<p>por Hans\u00a0 Schaeppi \u00a0PORTO INTERNACIONAL DE ILH\u00c9US \u00a0\u00a0\u00a0\u00a0\u00a0\u00a0 O descaso da Codeba com o nosso Porto Internacional de Ilh\u00e9us (Malhado) foi bem retratado no artigo do COESO \u2013 Comit\u00ea de Entidades Sociais, publicado no Di\u00e1rio de Ilh\u00e9us no dia 24\/04. As perguntas s\u00e3o todas pertinentes, o descaso \u00e9 patente. Reproduzimos a parte final do artigo, [&hellip;]<\/p>\n","protected":false},"author":2,"featured_media":0,"comment_status":"open","ping_status":"open","sticky":false,"template":"","format":"standard","meta":{"_links_to":"","_links_to_target":""},"categories":[27],"tags":[],"_links":{"self":[{"href":"https:\/\/www.r2cpress.com.br\/v1\/wp-json\/wp\/v2\/posts\/64526"}],"collection":[{"href":"https:\/\/www.r2cpress.com.br\/v1\/wp-json\/wp\/v2\/posts"}],"about":[{"href":"https:\/\/www.r2cpress.com.br\/v1\/wp-json\/wp\/v2\/types\/post"}],"author":[{"embeddable":true,"href":"https:\/\/www.r2cpress.com.br\/v1\/wp-json\/wp\/v2\/users\/2"}],"replies":[{"embeddable":true,"href":"https:\/\/www.r2cpress.com.br\/v1\/wp-json\/wp\/v2\/comments?post=64526"}],"version-history":[{"count":2,"href":"https:\/\/www.r2cpress.com.br\/v1\/wp-json\/wp\/v2\/posts\/64526\/revisions"}],"predecessor-version":[{"id":64530,"href":"https:\/\/www.r2cpress.com.br\/v1\/wp-json\/wp\/v2\/posts\/64526\/revisions\/64530"}],"wp:attachment":[{"href":"https:\/\/www.r2cpress.com.br\/v1\/wp-json\/wp\/v2\/media?parent=64526"}],"wp:term":[{"taxonomy":"category","embeddable":true,"href":"https:\/\/www.r2cpress.com.br\/v1\/wp-json\/wp\/v2\/categories?post=64526"},{"taxonomy":"post_tag","embeddable":true,"href":"https:\/\/www.r2cpress.com.br\/v1\/wp-json\/wp\/v2\/tags?post=64526"}],"curies":[{"name":"wp","href":"https:\/\/api.w.org\/{rel}","templated":true}]}}