{"id":64532,"date":"2013-05-04T22:17:05","date_gmt":"2013-05-05T01:17:05","guid":{"rendered":"http:\/\/www.r2cpress.com.br\/v1\/?p=64532"},"modified":"2013-05-04T22:17:05","modified_gmt":"2013-05-05T01:17:05","slug":"psicomundo-ilheus-carrega-maculadas-chagas-de-administradores-publicos","status":"publish","type":"post","link":"https:\/\/www.r2cpress.com.br\/v1\/2013\/05\/04\/psicomundo-ilheus-carrega-maculadas-chagas-de-administradores-publicos\/","title":{"rendered":"PSICOMUNDO &#8211; ILH\u00c9US CARREGA M\u00c1CULADAS CHAGAS DE ADMINISTRADORES P\u00daBLICOS"},"content":{"rendered":"<p><img loading=\"lazy\" class=\"alignleft\" alt=\"\" src=\"http:\/\/www.r2cpress.com.br\/v1\/wp-content\/uploads\/eduardo-afondo-cortado_1501.jpg\" width=\"150\" height=\"154\" \/>A Terra de S\u00e3o Jorge, linda por natureza, dia ap\u00f3s dia vem perdendo \u00e0 sua real identidade de Princesa do Sul. E a quem atribuir tantas mazelas destruidoras que s\u00f3 trouxeram amargas recorda\u00e7\u00f5es. Criaram um amarfanhado desencontro de transparentes falta de trabalho e honestidade, onde somente surgem p\u00e9ssimas qualidades de servi\u00e7os maus organizados e tudo vai se esvaindo, se decompondo e nada vemos que nos anime para o nosso futuro, dos nos filhos e netos.<\/p>\n<p>Perguntamos aos mais entendidos sobre o que significa a for\u00e7a da uni\u00e3o? \u201cAfinal o que podemos fazer para salvar a nossa querida cidade de Ilh\u00e9us, desses tantos desenlaces com futuro, nessa famigerada aus\u00eancia de buscas que anuncie algum progresso\u201d.<\/p>\n<p>Vejam bem, acompanhem comigo a linha do espa\u00e7o e do tempo, verificando quanto desmandos foram as raz\u00f5es de fortes e in\u00fameras que continuam deixando a nossa cidade nesse estado estagnado e vendo outras cidades crescendo e transformando seus alicerces sociais com uma nova estrutura. Enquanto que, a vis\u00e3o dos pol\u00edticos ilheenses, de carteirinha e tudo apenas, perdem a grandeza e acabam que tudo alcan\u00e7ado ao logo do tempo.<\/p>\n<p>O que fizeram com os grandes empreendimentos que existiam em Ilh\u00e9us, tais como: Barretto de Ara\u00fajo, Berkau, Itaisa, Copas, Coopefertil, Cimag, F\u00e1brica de Guaran\u00e1 Netuno, Mercado Santa Helena, Rede de Supermercados Messias, Biscoitos Ritan, Padaria Luso-brasileira, Brasil g\u00e1s, Petrobras, Moinho,\u00a0\u00a0\u00a0\u00a0 Maternidade Santa Isabel e muitos outros empreendimentos que devam sustentabilidade no emprego e na movimenta\u00e7\u00e3o da nossa cidade. Hoje, temos que nos deslocar para a visinha cidade de Itabuna e nos deliciarmos com \u201cShopping Center\u201d em n\u00edvel de capitais.<\/p>\n<p><!--more--><\/p>\n<p>H\u00e1 muitos anos atr\u00e1s empres\u00e1rios fizeram uma proposta de construir um Shopping Center no Est\u00e1dio M\u00e1rio Pessoa, e em troca construiria uma pra\u00e7a esportiva bem aplaus\u00edvel com v\u00e1rias modalidades de esportes. N\u00e3o nenhuma aten\u00e7\u00e3o por parte dos administradores p\u00fablicos da nossa Terra.<\/p>\n<p>Novamente, segundo informa\u00e7\u00f5es o empres\u00e1rio Manoel Chaves de Souza Neto, manifestou interesse em transformar o Est\u00e1dio Mario Pessoa em Shopping Center Ilh\u00e9us, quem sabe no mesmo n\u00edvel da vizinha cidade de Itabuna. Em troca, construiria uma nova arena esportiva em outra \u00e1rea que, evidentemente, seria escolhida pela nossa sociedade representada pelo poder p\u00fablico. Esse grupo tem a vis\u00e3o para construir em outras cidades empreendimentos dessa natureza.<\/p>\n<p>E agora, pegar ou largar! Muitas coisas est\u00e3o sumindo de Ilh\u00e9us por aus\u00eancia de transpar\u00eancia e falta de comunica\u00e7\u00f5es com seus mun\u00edcipes. O povo ilheense quer o progresso de sua cidade, e os pol\u00edticos querem o que? Muito dif\u00edcil entender, as maculadas chagas que carrega a cidade de Ilh\u00e9us, simplesmente atribu\u00eddas por seus administradores p\u00fablicos ao longo de sua exist\u00eancia social e pol\u00edtica.<\/p>\n<p>\u00c9 hora de sentar \u00e0 mesa e ver o que poder\u00e3o trazer de benef\u00edcios nessas propostas, e ser negociadas junto com nossa comunidade. Os pol\u00edticos que administram a cidade de Ilh\u00e9us n\u00e3o foram escolhidos pelo voto popular! Com a palavra o bom senso e o poder de decis\u00e3o de forma digna. PENSEM NISSO!<\/p>\n<p>Eduardo Afonso \u2013 Ilh\u00e9us-Bahia<\/p>\n","protected":false},"excerpt":{"rendered":"<p>A Terra de S\u00e3o Jorge, linda por natureza, dia ap\u00f3s dia vem perdendo \u00e0 sua real identidade de Princesa do Sul. E a quem atribuir tantas mazelas destruidoras que s\u00f3 trouxeram amargas recorda\u00e7\u00f5es. Criaram um amarfanhado desencontro de transparentes falta de trabalho e honestidade, onde somente surgem p\u00e9ssimas qualidades de servi\u00e7os maus organizados e tudo [&hellip;]<\/p>\n","protected":false},"author":2,"featured_media":0,"comment_status":"open","ping_status":"open","sticky":false,"template":"","format":"standard","meta":{"_links_to":"","_links_to_target":""},"categories":[10],"tags":[],"_links":{"self":[{"href":"https:\/\/www.r2cpress.com.br\/v1\/wp-json\/wp\/v2\/posts\/64532"}],"collection":[{"href":"https:\/\/www.r2cpress.com.br\/v1\/wp-json\/wp\/v2\/posts"}],"about":[{"href":"https:\/\/www.r2cpress.com.br\/v1\/wp-json\/wp\/v2\/types\/post"}],"author":[{"embeddable":true,"href":"https:\/\/www.r2cpress.com.br\/v1\/wp-json\/wp\/v2\/users\/2"}],"replies":[{"embeddable":true,"href":"https:\/\/www.r2cpress.com.br\/v1\/wp-json\/wp\/v2\/comments?post=64532"}],"version-history":[{"count":2,"href":"https:\/\/www.r2cpress.com.br\/v1\/wp-json\/wp\/v2\/posts\/64532\/revisions"}],"predecessor-version":[{"id":64534,"href":"https:\/\/www.r2cpress.com.br\/v1\/wp-json\/wp\/v2\/posts\/64532\/revisions\/64534"}],"wp:attachment":[{"href":"https:\/\/www.r2cpress.com.br\/v1\/wp-json\/wp\/v2\/media?parent=64532"}],"wp:term":[{"taxonomy":"category","embeddable":true,"href":"https:\/\/www.r2cpress.com.br\/v1\/wp-json\/wp\/v2\/categories?post=64532"},{"taxonomy":"post_tag","embeddable":true,"href":"https:\/\/www.r2cpress.com.br\/v1\/wp-json\/wp\/v2\/tags?post=64532"}],"curies":[{"name":"wp","href":"https:\/\/api.w.org\/{rel}","templated":true}]}}