{"id":64535,"date":"2013-05-04T22:20:21","date_gmt":"2013-05-05T01:20:21","guid":{"rendered":"http:\/\/www.r2cpress.com.br\/v1\/?p=64535"},"modified":"2013-05-04T22:49:27","modified_gmt":"2013-05-05T01:49:27","slug":"ilheus-da-danca","status":"publish","type":"post","link":"https:\/\/www.r2cpress.com.br\/v1\/2013\/05\/04\/ilheus-da-danca\/","title":{"rendered":"Ilh\u00e9us da Dan\u00e7a"},"content":{"rendered":"<p>Esse ano o \u201cIlh\u00e9us Dan\u00e7a\u201d ser\u00e1 realizado na Tenda do Teatro Popular de Ilh\u00e9us numa iniciativa das Escolas de Dan\u00e7a de Ilh\u00e9us, Din\u00e2mica e Movimento, Escola de Dan\u00e7a T\u00f4nus, N\u00facleo da Dan\u00e7a, Cia. de Dan\u00e7a S\u00f4anne Marry, Bal\u00e9 Afro Dilazenze e a C\u00e2mara Setorial de Dan\u00e7a.<\/p>\n<div id=\"attachment_64548\" style=\"width: 533px\" class=\"wp-caption aligncenter\"><a href=\"http:\/\/www.r2cpress.com.br\/v1\/wp-content\/uploads\/dan\u00e7a-ios-soanne.jpg\"><img aria-describedby=\"caption-attachment-64548\" loading=\"lazy\" class=\"size-full wp-image-64548\" alt=\"DAN\u00c7A\" src=\"http:\/\/www.r2cpress.com.br\/v1\/wp-content\/uploads\/dan\u00e7a-ios-soanne.jpg\" width=\"523\" height=\"370\" srcset=\"https:\/\/www.r2cpress.com.br\/v1\/wp-content\/uploads\/dan\u00e7a-ios-soanne.jpg 523w, https:\/\/www.r2cpress.com.br\/v1\/wp-content\/uploads\/dan\u00e7a-ios-soanne-300x212.jpg 300w\" sizes=\"(max-width: 523px) 100vw, 523px\" \/><\/a><p id=\"caption-attachment-64548\" class=\"wp-caption-text\">DAN\u00c7A<\/p><\/div>\n<p>O projeto que tem o objetivo de promover e divulgar a dan\u00e7a em Ilh\u00e9us ser\u00e1 realizado todas as quartas feiras do m\u00eas de maio (01, 08, 15, 22 e 29) sempre \u00e1s 19:00 h. sendo os espet\u00e1culos infantis realizados aos domingos (19 e 26) \u00e1s 18:00 h.<\/p>\n<p>As escolas de dan\u00e7a apresentaram os mais variados estilos de dan\u00e7a como ballet moderno, ballet cl\u00e1ssico, jazz, contempor\u00e2neo, sapateado, dan\u00e7a afro, dan\u00e7a de sal\u00e3o, dan\u00e7a de rua entre outros.<\/p>\n<p>Os ingressos a pre\u00e7o popular poder\u00e3o ser adquiridos na bilheteria da Tenda.<\/p>\n<p>\u201cApoiar a Arte \u00e9 t\u00e3o importante quanto faz\u00ea-la.\u201d<\/p>\n<p>Prestigiem&#8230;<\/p>\n","protected":false},"excerpt":{"rendered":"<p>Esse ano o \u201cIlh\u00e9us Dan\u00e7a\u201d ser\u00e1 realizado na Tenda do Teatro Popular de Ilh\u00e9us numa iniciativa das Escolas de Dan\u00e7a de Ilh\u00e9us, Din\u00e2mica e Movimento, Escola de Dan\u00e7a T\u00f4nus, N\u00facleo da Dan\u00e7a, Cia. de Dan\u00e7a S\u00f4anne Marry, Bal\u00e9 Afro Dilazenze e a C\u00e2mara Setorial de Dan\u00e7a. O projeto que tem o objetivo de promover e [&hellip;]<\/p>\n","protected":false},"author":2,"featured_media":0,"comment_status":"open","ping_status":"open","sticky":false,"template":"","format":"standard","meta":{"_links_to":"","_links_to_target":""},"categories":[5],"tags":[],"_links":{"self":[{"href":"https:\/\/www.r2cpress.com.br\/v1\/wp-json\/wp\/v2\/posts\/64535"}],"collection":[{"href":"https:\/\/www.r2cpress.com.br\/v1\/wp-json\/wp\/v2\/posts"}],"about":[{"href":"https:\/\/www.r2cpress.com.br\/v1\/wp-json\/wp\/v2\/types\/post"}],"author":[{"embeddable":true,"href":"https:\/\/www.r2cpress.com.br\/v1\/wp-json\/wp\/v2\/users\/2"}],"replies":[{"embeddable":true,"href":"https:\/\/www.r2cpress.com.br\/v1\/wp-json\/wp\/v2\/comments?post=64535"}],"version-history":[{"count":3,"href":"https:\/\/www.r2cpress.com.br\/v1\/wp-json\/wp\/v2\/posts\/64535\/revisions"}],"predecessor-version":[{"id":64549,"href":"https:\/\/www.r2cpress.com.br\/v1\/wp-json\/wp\/v2\/posts\/64535\/revisions\/64549"}],"wp:attachment":[{"href":"https:\/\/www.r2cpress.com.br\/v1\/wp-json\/wp\/v2\/media?parent=64535"}],"wp:term":[{"taxonomy":"category","embeddable":true,"href":"https:\/\/www.r2cpress.com.br\/v1\/wp-json\/wp\/v2\/categories?post=64535"},{"taxonomy":"post_tag","embeddable":true,"href":"https:\/\/www.r2cpress.com.br\/v1\/wp-json\/wp\/v2\/tags?post=64535"}],"curies":[{"name":"wp","href":"https:\/\/api.w.org\/{rel}","templated":true}]}}