{"id":64537,"date":"2013-05-04T22:24:59","date_gmt":"2013-05-05T01:24:59","guid":{"rendered":"http:\/\/www.r2cpress.com.br\/v1\/?p=64537"},"modified":"2013-05-04T22:47:48","modified_gmt":"2013-05-05T01:47:48","slug":"escritores-brasileiros-do-seculo-xx-um-testamento-critico-de-nelly-novaes-coelho","status":"publish","type":"post","link":"https:\/\/www.r2cpress.com.br\/v1\/2013\/05\/04\/escritores-brasileiros-do-seculo-xx-um-testamento-critico-de-nelly-novaes-coelho\/","title":{"rendered":"\u201cESCRITORES BRASILEIROS DO S\u00c9CULO XX \u2013 Um Testamento Cr\u00edtico\u201d, de Nelly Novaes Coelho"},"content":{"rendered":"<p><strong>LETRASELVAGEM &amp; CASA DAS ROSAS convidam para o lan\u00e7amento da obra \u201cESCRITORES BRASILEIROS DO S\u00c9CULO XX \u2013 Um Testamento Cr\u00edtico\u201d, de Nelly Novaes Coelho<\/strong><\/p>\n<p>Data: 29 de maio de 2013 (quarta-feira), \u00e0s 19 horas.<br \/>\nLocal: Casa das Rosas (Espa\u00e7o Haroldo de Campos de Poesia e Literatura). Av. Paulista, 37 (Metr\u00f4 Brigadeiro) &#8211; S\u00e3o Paulo\/SP &#8211; Brasil. Entrada franca.<\/p>\n<p>HOMENAGEM:<\/p>\n<p>Na ocasi\u00e3o, IGN\u00c1CIO DE LOYOLA BRAND\u00c3O e CYRO DE MATTOS (representando os escritores brasileiros) e F\u00c1BIO LUCAS e BENJAMIN ABDALA JR. (pelo setor acad\u00eamico) proferir\u00e3o homenagem \u00e0 professora NELLY NOVAES COELHO, pela passagem de seus 91 anos de idade e 50 de doc\u00eancia universit\u00e1ria e exerc\u00edcio da cr\u00edtica liter\u00e1ria. (V. Convite anexo)<\/p>\n<p><a href=\"http:\/\/www.r2cpress.com.br\/v1\/wp-content\/uploads\/livro-lan\u00e7amento-escritores.jpg\"><img loading=\"lazy\" class=\"alignleft size-full wp-image-64546\" alt=\"livro lan\u00e7amento escritores\" src=\"http:\/\/www.r2cpress.com.br\/v1\/wp-content\/uploads\/livro-lan\u00e7amento-escritores.jpg\" width=\"300\" height=\"581\" \/><\/a>O LIVRO<\/p>\n<p>Escritores brasileiros do s\u00e9culo XX, de Nelly Novaes Coelho (Professora Titular da USP \u2013 Universidade de S\u00e3o Paulo), \u00e9 a suma de 50 anos de pesquisas, leituras e releituras de obras apresentadas em cursos universit\u00e1rios, no Brasil, Portugal e Estados Unidos da Am\u00e9rica.<\/p>\n<p>Segundo a Autora, foi a \u201cSorte ou o Acaso\u201d que puseram em seu caminho os 81 escritores reunidos e analisados neste livro. Ao lado dos mais conhecidos (Amado, Graciliano, Rosa, M\u00e1rio, Oswald, Ubaldo, Loyola&#8230;) aparecem nomes que a insensibilidade cr\u00edtica e o desinteresse do \u201cmercado\u201d colocaram numa esp\u00e9cie de \u201climbo\u201d (Corn\u00e9lio Pena, Adonias Filho, Murilo Rubi\u00e3o, Victor Giudice, Campos de Carvalho, Gustavo Cor\u00e7\u00e3o, Alcides Pinto&#8230;) e outros que o desinformado (ou defraudado?) \u201cp\u00fablico\u201d precisa conhecer (Vicente Cecim, Olavo Pereira, Agrippino de Paula, Fausto Antonio, Guilherme Dicke, Mora Fuentes, Samuel Rawet, Cyro de Mattos, Alaor Barbosa&#8230;).<\/p>\n<p>No testemunho desses escritores manifesta-se a crise de paradigmas que afeta uma sociedade cansada de si, de Deus, das ideologias&#8230; e de todas as velhas e arraigadas cren\u00e7as \u2013 mas que, entretanto, n\u00e3o parece ter ficado mais livre e feliz no caos liberticida e materialista em que o \u201cmundo novo\u201d (moderno ou \u201cp\u00f3s-moderno\u201d) a engolfou.<\/p>\n<p>Escritores brasileiros do s\u00e9culo XX \u00e9, como diz o subt\u00edtulo, o Testamento Cr\u00edtico de uma intelectual que sempre pugnou em defesa da l\u00edngua e da literatura bras\u00edlicas, e por meio do qual a autora entrega um legado de conhecimento e sensibilidade cr\u00edtica \u00e0 atual e \u00e0s novas gera\u00e7\u00f5es de leitores deste nosso imenso \u2013 mas ainda inculto \u2013 pa\u00eds.<\/p>\n<p>TATIANA BELINK: \u201cLivro fascinante, fruto de amplas e profundas pesquisas, estudos, leituras e, claro, ideias, conclus\u00f5es, hip\u00f3teses e mesmo perguntas da sua ilustre autora \u2013 esta incr\u00edvel Nelly Novaes Coelho. Ela, a querida e sempre admirada mestra Nelly, com as suas posturas \u00e9tico-filos\u00f3ficas, \u2018antigas\u2019, contempor\u00e2neas, modernas e at\u00e9 \u2018p\u00f3s-modernas\u2019, bem fundamentadas e eruditas, sem deixarem de ser otimistas\u201d<\/p>\n<p><strong>A AUTORA<\/strong><\/p>\n<p><!--more--><\/p>\n<p>Nelly Novaes Coelho nasceu na capital de S\u00e3o Paulo, em 17 de maio de 1922, pouco depois da Semana de Arte Moderna. Pertence ao tronco dos Novaes, um dos mais antigos do Vale do Para\u00edba. Paix\u00f5es desde a inf\u00e2ncia: m\u00fasica e literatura. Faz os primeiros estudos no Externato S\u00e3o Jos\u00e9 e estudos de piano com professor particular. Adolescente, completa o curso de pianista no Conservat\u00f3rio Dram\u00e1tico e Musical de S\u00e3o Paulo, onde foi aluna de M\u00e1rio de Andrade, em Hist\u00f3ria da M\u00fasica, pouco antes de ele se desligar do cargo de Professor Catedr\u00e1tico. Dedica-se intensamente aos estudos de piano; vence o Concurso \u201cMaestro Cant\u00fa\u201d (para aperfei\u00e7oamento pian\u00edstico na It\u00e1lia), mas a sonhada carreira de pianista frustrou-se, por circunst\u00e2ncias adversas (o in\u00edcio da II Guerra Mundial\/1939 impede os fundamentais est\u00e1gios de estudo na Europa e, terminada a guerra, em 1945, os caminhos j\u00e1 eram outros).<\/p>\n<p>\u201cNel mezzo del camin\u201d, j\u00e1 casada e m\u00e3e, outro projeto surge: o de tornar-se Professora. Volta aos estudos: Faculdade de Filosofia, Letras e Ci\u00eancias Humanas (Rua Maria Ant\u00f4nia\/SP), \u00e1rea de Letras Neo-Latinas (Licenciatura, 1959). Conclu\u00eddo seus estudos, colaborou com o Prof. Luiz Amador Sanchez, titular do Dept\u00ba de Literatura Espanhola e Hispano-Americana.<\/p>\n<p>Em 1960, inicia a carreira de docente universit\u00e1ria, como professora-assistente do Prof. Ant\u00f4nio Soares Amora, \u00e1rea de Literatura Portuguesa.<\/p>\n<p>Em 1961, acumula esse cargo com o de professora titular de Teoria da Literatura, na Faculdade de Letras de Mar\u00edlia (onde lecionava nos fi ns de semana). Segue a carreira universit\u00e1ria: doutora em Letras (USP, 1967), livre doc\u00eancia (USP, 1977). Professora-adjunta (USP, 1981) e professora titular de Literatura Portuguesa (USP, 1985).<\/p>\n<p>Nesse per\u00edodo, inicia-se como cr\u00edtica e ensa\u00edsta liter\u00e1ria, colaborando no Suplemento Liter\u00e1rio de \u201cO Estado de S\u00e3o Paulo\u201d. Especializa-se em Literatura Contempor\u00e2nea (portuguesa e brasileira). No decorrer da carreira acad\u00eamica, entrega-se \u00e0 doc\u00eancia e \u00e0 cr\u00edtica, publicando em jornais e revistas do Brasil e do exterior.<\/p>\n<p>Como intelectual atuante, desde 1961 participa de congressos e semin\u00e1rios nacionais e internacionais, apresentando comunica\u00e7\u00f5es, posteriormente publicadas nos Anais. Em decorr\u00eancia dessa atividade, torna-se membro de v\u00e1rias institui\u00e7\u00f5es culturais: APCA-Associa\u00e7\u00e3o Paulista de Cr\u00edticos de Arte (presidente em 1990); UBE-Uni\u00e3o Brasileira de Escritores de S\u00e3o Paulo; IHGSP-Instituto Hist\u00f3rico e Geogr\u00e1fico de S\u00e3o Paulo; Instituto Internacional de Literatura Ibero-Americano (Pennsylvania\/USA); APC-Association pour La Pens\u00e9e Complexe (convidada por Edgar Morin); Fulbright Alumini Association (Washington-USA); AEILIJ-Associa\u00e7\u00e3o de Escritores e Ilustradores de Literatura Infantil e Juvenil e membro-correspondente de v\u00e1rias Academias de Letras nacionais.<\/p>\n<p>Em 1964, como bolsista da Funda\u00e7\u00e3o Calouste Gulbenkian\/Lisboa, faz seu primeiro est\u00e1gio de estudos em Portugal, em pesquisas para embasamento de sua futura tese de doutorado sobre Aquilino Ribeiro.<\/p>\n<p>Em 1966, inicia a carreira de escritora, com a publica\u00e7\u00e3o de O ensino da literatura, obra destinada \u00e0 forma\u00e7\u00e3o de professores, na \u00e1rea da Literatura, e que propunha princ\u00edpios te\u00f3ricos e respectivas pr\u00e1ticas anal\u00edticas, visando a introdu\u00e7\u00e3o dos estudos liter\u00e1rios, desde as primeiras s\u00e9ries escolares, conforme exig\u00eancia da nova Lei de Diretrizes e Bases n\u00ba 4.024\/1961.<\/p>\n<p>A esse livro de estreia seguem-se novos t\u00edtulos, conforme foram sendo exigidos pelo desdobrar da carreira universit\u00e1ria e intensa participa\u00e7\u00e3o em congressos, col\u00f3quios e est\u00e1gios de estudos ou doc\u00eancia, realizados no Brasil e no exterior.<\/p>\n<p>Como docente e pesquisadora, em 1970 ministrou curso de Cultura e Literatura Brasileira, na Faculdade de Letras\/Lisboa e, em 1979, na UCLA-California University\/Los Angeles (bolsista da Fulbright Foundantion\/USA). Em 1980, em face do novo boom de Literatura Infantil em expans\u00e3o, criou na USP-Universidade de S\u00e3o Paulo\/\u00c1rea de Letras o curso Estudos Comparados de Literatura Infantil\/Juvenil (diurno\/noturno, gradua\u00e7\u00e3o\/p\u00f3s-gradua\u00e7\u00e3o). Foi uma das pioneiras como docente a trabalhar com a interdisciplinaridade. Ministrou v\u00e1rios cursos de especializa\u00e7\u00e3o na USP a professores de Ensino M\u00e9dio a partir da literatura.<\/p>\n<p>Ao longo da carreira, exerceu v\u00e1rios cargos administrativos ou acad\u00eamicos:<\/p>\n<p>chefe-suplente do Departamento de Letras Cl\u00e1ssicas e Vern\u00e1culas da FFLCH\/USP; vice-diretora do CEP-Centro de Estudos Portugueses\/USP; membro fundador e presidente do CELIJU-Centro de Estudos de Literatura Infantil e Juvenil; diretora do CELAB-Centro de Estudos Luso-Afro-Brasileiros de LIJ; diretora da APCA-Associa\u00e7\u00e3o Paulista de Cr\u00edticos de Arte (setor Literatura) e outros. Sua obra publicada abrange dezenas de livros sobre Literatura Contempor\u00e2nea, Teoria Liter\u00e1ria, Estrat\u00e9gias de Ensino e Educa\u00e7\u00e3o. Destacam-se O ensino da literatura, 1966; M\u00e1rio de Andrade para a nova gera\u00e7\u00e3o, 1970; Escritores portugueses, 1973; Escritores portugueses do s\u00e9culo XX\/Lisboa, 2007; Literatura e linguagem, 1974; Guimar\u00e3es Rosa, 1975; Literatura: arte, conhecimento e vida, 2000; A literatura infantil, 1980; Panorama hist\u00f3rico da literatura infantil\/juvenil brasileira, 1982 e 2006; Dicion\u00e1rio cr\u00edtico de escritoras brasileiras, 2002; O conto de fadas (S\u00edmbolos\/Mitos\/Arqu\u00e9tipos), 2003; Primeiro dicion\u00e1rio escolar, 2005, e outros. Dentre as antologias: \u00c9tica, solidariedade e complexidade (Edgar de Assis Carvalho, Maria da Concei\u00e7\u00e3o de Almeida, Nelly Novaes Coelho, Nelson Fiedler Ferrara, Edgar Morin. 1998); Edgar Morin religando fronteiras (Edgar Morin, Andr\u00e9 Baggio, Nelly Novaes Coelho, Humberto Mariotti, Mauro Maldonato. Org: Tania M. K Rosing e Nurimar Maria Falci. 2004). Sua produ\u00e7\u00e3o abrange ainda v\u00e1rias centenas de artigos e ensaios sobre literatura contempor\u00e2nea do Brasil e Portugal, publicados em jornais e revistas nacionais e do exterior.<\/p>\n<p>Entre os pr\u00eamios e distin\u00e7\u00f5es recebidos, destacam-se: Pr\u00eamio Internacional<\/p>\n<p>Bocage (Minist\u00e9rio da Educa\u00e7\u00e3o e Cultura de Lisboa\/1966); Pr\u00eamio Especial\/Ensaio-APCA, 1983; Pr\u00eamio Jabuti-Ensaio\/C\u00e2mara Brasileira do Livro, 1975; Medalha Clara Ramos\/UBE-RJ, 1993; Trof\u00e9u Jabur\u00fa-Personalidade do Ano 1998\/Conselho Estadual de Cultura, Goi\u00e2nia; T\u00edtulo de Comendadora\/UMATI-Universidade do Minho\/Portugal, 1997; Trof\u00e9u Vasco Prado\/10\u00aa Jornada Nacional de Literatura. Passo Fundo\/RS, 2003; Medalha Imperatriz Leopoldina\/HIGSP, mar\u00e7o de 2001, e Comenda D. Pedro I\/HIGSP, setembro de 2011.<\/p>\n<p>Aposentada pela USP, em 1992, prossegue em atividade, dedicada \u00e0 pesquisa e an\u00e1lise da Literatura Contempor\u00e2nea Brasileira e Portuguesa em produ\u00e7\u00e3o.<\/p>\n<p>SAIBA MAIS: www.letraselvagem.com.br<\/p>\n","protected":false},"excerpt":{"rendered":"<p>LETRASELVAGEM &amp; CASA DAS ROSAS convidam para o lan\u00e7amento da obra \u201cESCRITORES BRASILEIROS DO S\u00c9CULO XX \u2013 Um Testamento Cr\u00edtico\u201d, de Nelly Novaes Coelho Data: 29 de maio de 2013 (quarta-feira), \u00e0s 19 horas. Local: Casa das Rosas (Espa\u00e7o Haroldo de Campos de Poesia e Literatura). Av. Paulista, 37 (Metr\u00f4 Brigadeiro) &#8211; S\u00e3o Paulo\/SP &#8211; [&hellip;]<\/p>\n","protected":false},"author":2,"featured_media":0,"comment_status":"open","ping_status":"open","sticky":false,"template":"","format":"standard","meta":{"_links_to":"","_links_to_target":""},"categories":[5],"tags":[],"_links":{"self":[{"href":"https:\/\/www.r2cpress.com.br\/v1\/wp-json\/wp\/v2\/posts\/64537"}],"collection":[{"href":"https:\/\/www.r2cpress.com.br\/v1\/wp-json\/wp\/v2\/posts"}],"about":[{"href":"https:\/\/www.r2cpress.com.br\/v1\/wp-json\/wp\/v2\/types\/post"}],"author":[{"embeddable":true,"href":"https:\/\/www.r2cpress.com.br\/v1\/wp-json\/wp\/v2\/users\/2"}],"replies":[{"embeddable":true,"href":"https:\/\/www.r2cpress.com.br\/v1\/wp-json\/wp\/v2\/comments?post=64537"}],"version-history":[{"count":4,"href":"https:\/\/www.r2cpress.com.br\/v1\/wp-json\/wp\/v2\/posts\/64537\/revisions"}],"predecessor-version":[{"id":64545,"href":"https:\/\/www.r2cpress.com.br\/v1\/wp-json\/wp\/v2\/posts\/64537\/revisions\/64545"}],"wp:attachment":[{"href":"https:\/\/www.r2cpress.com.br\/v1\/wp-json\/wp\/v2\/media?parent=64537"}],"wp:term":[{"taxonomy":"category","embeddable":true,"href":"https:\/\/www.r2cpress.com.br\/v1\/wp-json\/wp\/v2\/categories?post=64537"},{"taxonomy":"post_tag","embeddable":true,"href":"https:\/\/www.r2cpress.com.br\/v1\/wp-json\/wp\/v2\/tags?post=64537"}],"curies":[{"name":"wp","href":"https:\/\/api.w.org\/{rel}","templated":true}]}}