{"id":64540,"date":"2013-05-04T22:34:27","date_gmt":"2013-05-05T01:34:27","guid":{"rendered":"http:\/\/www.r2cpress.com.br\/v1\/?p=64540"},"modified":"2013-05-04T22:34:27","modified_gmt":"2013-05-05T01:34:27","slug":"solla-anuncia-mais-investimentos-para-a-saude-em-ilheus","status":"publish","type":"post","link":"https:\/\/www.r2cpress.com.br\/v1\/2013\/05\/04\/solla-anuncia-mais-investimentos-para-a-saude-em-ilheus\/","title":{"rendered":"Solla anuncia mais investimentos para a sa\u00fade em Ilh\u00e9us"},"content":{"rendered":"<p>O secret\u00e1rio da Sa\u00fade do Estado da Bahia, Jorge Solla, anunciou hoje, 4, a nova obra de reforma e amplia\u00e7\u00e3o do Hospital Geral Luiz Viana Filho, sediado em Ilh\u00e9us, uma refer\u00eancia regional no atendimento de emerg\u00eancia \u00e0 sa\u00fade, e garantiu a constru\u00e7\u00e3o do novo hospital geral da Costa do Cacau, que deve ser edificado no bairro Banco da Vit\u00f3ria, localizado \u00e0s margens da rodovia Ilh\u00e9us-Itabuna.<\/p>\n<div id=\"attachment_64541\" style=\"width: 514px\" class=\"wp-caption aligncenter\"><a href=\"http:\/\/www.r2cpress.com.br\/v1\/wp-content\/uploads\/CAPA-R2CPRESS133.jpg\"><img aria-describedby=\"caption-attachment-64541\" loading=\"lazy\" class=\"size-full wp-image-64541\" alt=\"Posse do novo diretor do Hospital geral Luiz Viana Filho, de Ilh\u00e9us - Foto Gidelzo Silva - Secom Ilh\u00e9us. MONT\/R2CPRESS\" src=\"http:\/\/www.r2cpress.com.br\/v1\/wp-content\/uploads\/CAPA-R2CPRESS133.jpg\" width=\"504\" height=\"504\" srcset=\"https:\/\/www.r2cpress.com.br\/v1\/wp-content\/uploads\/CAPA-R2CPRESS133.jpg 504w, https:\/\/www.r2cpress.com.br\/v1\/wp-content\/uploads\/CAPA-R2CPRESS133-150x150.jpg 150w, https:\/\/www.r2cpress.com.br\/v1\/wp-content\/uploads\/CAPA-R2CPRESS133-300x300.jpg 300w\" sizes=\"(max-width: 504px) 100vw, 504px\" \/><\/a><p id=\"caption-attachment-64541\" class=\"wp-caption-text\">Posse do novo diretor do Hospital geral Luiz Viana Filho, de Ilh\u00e9us &#8211; Foto Gidelzo Silva &#8211; Secom Ilh\u00e9us. MONT\/<span style=\"text-decoration: underline;\"><strong>R2CPRESS<\/strong><\/span><\/p><\/div>\n<p>O an\u00fancio foi feito ao lado do prefeito de Ilh\u00e9us, Jabes Ribeiro, durante a solenidade de posse do novo diretor geral do Hospital Geral Luiz Viana Filho, Julio Len\u00edn D\u00edaz Guzm\u00e1n. Segundo Solla, na pr\u00f3xima semana, ser\u00e1 lan\u00e7ado o edital de licita\u00e7\u00e3o para a reforma e amplia\u00e7\u00e3o de mais de mil metros quadrados da \u00e1rea de emerg\u00eancia do hospital, al\u00e9m da aquisi\u00e7\u00e3o de novos equipamentos, cujos investimentos devem ultrapassar o valor de 4 milh\u00f5es de reais.<\/p>\n<p>Durante a visita a Ilh\u00e9us, o secret\u00e1rio de Sa\u00fade da Bahia conheceu, ao lado da reitora da Universidade Estadual de Santa Cruz (UESC), Ad\u00e9lia Pinheiro, a \u00e1rea onde dever\u00e1 ser constru\u00eddo o novo hospital geral de Ilh\u00e9us, cuja doa\u00e7\u00e3o ser\u00e1 fruto de parceria entre a Prefeitura Municipal e a Universidade. Segundo o prefeito Jabes Ribeiro, provavelmente, na pr\u00f3xima semana, a documenta\u00e7\u00e3o sobre o terreno estar\u00e1 conclu\u00edda.<\/p>\n<p><b>Maternidade<\/b> \u2013 Jorge Solla disse ainda que, ap\u00f3s a constru\u00e7\u00e3o do novo hospital, o Geral Luiz Viana Filho continuar\u00e1 prestando servi\u00e7os \u00e0 comunidade. Atendendo a uma reivindica\u00e7\u00e3o do prefeito de Ilh\u00e9us, ele anunciou que o atual nosoc\u00f4mio ser\u00e1 transformado numa unidade de atendimento materno-infantil, no sentido de suprir as demandas municipal e regional. Solla afirmou ainda que, na pr\u00f3xima semana, um conv\u00eanio ser\u00e1 assinado para a doa\u00e7\u00e3o de equipamentos \u00e0 Santa Casa de Miseric\u00f3rdia de Ilh\u00e9us (Hospital S\u00e3o Jos\u00e9), a fim de colaborar com o funcionamento do novo pronto socorro da institui\u00e7\u00e3o.<\/p>\n<p>Durante a solenidade de posse de J\u00falio G\u00fazman, bastante prestigiada por autoridades locais e regionais, o secret\u00e1rio de Sa\u00fade baiano agradeceu a permanente parceria do prefeito Jabes Ribeiro no enfrentamento dos problemas que atingem a sa\u00fade e afirmou que esse trabalho conjunto representa um cen\u00e1rio positivo para o setor, em benef\u00edcio de toda a popula\u00e7\u00e3o. Por sua vez, o prefeito agradeceu ao apoio do secret\u00e1rio e conclamou tamb\u00e9m aos setores de oposi\u00e7\u00e3o que participem \u201cdo esfor\u00e7o para recuperar a dignidade e a possibilidade de nossa cidade avan\u00e7ar.\u201d<\/p>\n<p><b>Secretaria de Comunica\u00e7\u00e3o Social (Secom)<\/b><\/p>\n<p><b>Ilh\u00e9us \u2013 04.05.2013<\/b><\/p>\n","protected":false},"excerpt":{"rendered":"<p>O secret\u00e1rio da Sa\u00fade do Estado da Bahia, Jorge Solla, anunciou hoje, 4, a nova obra de reforma e amplia\u00e7\u00e3o do Hospital Geral Luiz Viana Filho, sediado em Ilh\u00e9us, uma refer\u00eancia regional no atendimento de emerg\u00eancia \u00e0 sa\u00fade, e garantiu a constru\u00e7\u00e3o do novo hospital geral da Costa do Cacau, que deve ser edificado no [&hellip;]<\/p>\n","protected":false},"author":2,"featured_media":0,"comment_status":"open","ping_status":"open","sticky":false,"template":"","format":"standard","meta":{"_links_to":"","_links_to_target":""},"categories":[23],"tags":[],"_links":{"self":[{"href":"https:\/\/www.r2cpress.com.br\/v1\/wp-json\/wp\/v2\/posts\/64540"}],"collection":[{"href":"https:\/\/www.r2cpress.com.br\/v1\/wp-json\/wp\/v2\/posts"}],"about":[{"href":"https:\/\/www.r2cpress.com.br\/v1\/wp-json\/wp\/v2\/types\/post"}],"author":[{"embeddable":true,"href":"https:\/\/www.r2cpress.com.br\/v1\/wp-json\/wp\/v2\/users\/2"}],"replies":[{"embeddable":true,"href":"https:\/\/www.r2cpress.com.br\/v1\/wp-json\/wp\/v2\/comments?post=64540"}],"version-history":[{"count":3,"href":"https:\/\/www.r2cpress.com.br\/v1\/wp-json\/wp\/v2\/posts\/64540\/revisions"}],"predecessor-version":[{"id":64544,"href":"https:\/\/www.r2cpress.com.br\/v1\/wp-json\/wp\/v2\/posts\/64540\/revisions\/64544"}],"wp:attachment":[{"href":"https:\/\/www.r2cpress.com.br\/v1\/wp-json\/wp\/v2\/media?parent=64540"}],"wp:term":[{"taxonomy":"category","embeddable":true,"href":"https:\/\/www.r2cpress.com.br\/v1\/wp-json\/wp\/v2\/categories?post=64540"},{"taxonomy":"post_tag","embeddable":true,"href":"https:\/\/www.r2cpress.com.br\/v1\/wp-json\/wp\/v2\/tags?post=64540"}],"curies":[{"name":"wp","href":"https:\/\/api.w.org\/{rel}","templated":true}]}}