{"id":64551,"date":"2013-05-04T23:34:30","date_gmt":"2013-05-05T02:34:30","guid":{"rendered":"http:\/\/www.r2cpress.com.br\/v1\/?p=64551"},"modified":"2013-05-06T09:08:56","modified_gmt":"2013-05-06T12:08:56","slug":"robinson-almeida-em-ilheus","status":"publish","type":"post","link":"https:\/\/www.r2cpress.com.br\/v1\/2013\/05\/04\/robinson-almeida-em-ilheus\/","title":{"rendered":"Robinson Almeida em Ilh\u00e9us"},"content":{"rendered":"<p>Robinson Almeida, Secret\u00e1rio de Comunica\u00e7\u00e3o Social do\u00a0 Governo da Bahia, esteve na manh\u00e3 desta sexta-feira no &#8220;Encontro com a M\u00eddia Regional&#8221;.<\/p>\n<p>O evento foi bastante concorrido, foi mostrado o andamento de alguns projetos considerados de peso pela governadoria, d\u00favidas foram dirimidas.<\/p>\n<p>Al\u00e9m de Robinson, estavam na comitiva: Edmundo Filho chefe do N\u00facleo de R\u00e1dio da governadoria, Leonardo Palma, Coordenador de M\u00eddia al\u00e9m do pessoal administrativo e de apoio.<\/p>\n<p>O secret\u00e1rio foi bastante aplaudido quando Elias Reis, presidente do Sindicato dos Radialistas de Ilh\u00e9us, pediu que a governadora exigisse uma resposta da pol\u00edcia sobre as investiga\u00e7\u00f5es (que at\u00e9 agora n\u00e3o resultaram em nada de concreto) da morte do radialista Ronaldo Santana. Gusm\u00e3o, do Blog do Gusm\u00e3o disse da amea\u00e7a sofrida no plen\u00e1rio da C\u00e2mara. Robinson disse que, querendo, Gusm\u00e3o poder\u00e1 ter uma audi\u00eancia com o Secret\u00e1io de Seguran\u00e7a P\u00fablica.<\/p>\n<p>O evento serviu tamb\u00e9m para matarmos a saudade de companheiros que militam na m\u00eddia regional. Foi,digamos assim, uma festa dentro de um evento. Abra\u00e7ar figuras ilustres da comunica\u00e7\u00e3o \u00e9 sempre bastante salutar.<\/p>\n<p>Duras cr\u00edticas aconteceram, o secret\u00e1rio absorveu bem, mostrou possuir bom jogo de cibtura. Sobre quest\u00f5es envolvendo Ilh\u00e9us x Itabuna ele disse preferir encaminhar os rep\u00f3rteres para os secret\u00e1rios das respectivas pastas.<\/p>\n<p>Aquela sa\u00edda estrat\u00e9gica de que a candidatura (deputado federal) n\u00e3o depende de mim \u00e9 uma esp\u00e9cie de &#8220;estou decidido&#8221; mas, tenho que cuidar das minhas fun\u00e7\u00f5es na secretaria de comunica\u00e7\u00e3o&#8230;<\/p>\n<div id=\"attachment_64556\" style=\"width: 610px\" class=\"wp-caption aligncenter\"><a href=\"http:\/\/www.r2cpress.com.br\/v1\/wp-content\/uploads\/CAPA-R2CPRESS134.jpg\"><img aria-describedby=\"caption-attachment-64556\" loading=\"lazy\" class=\"size-full wp-image-64556\" alt=\"ENCONTRO COM A M\u00cdDIA REGIONAL.\" src=\"http:\/\/www.r2cpress.com.br\/v1\/wp-content\/uploads\/CAPA-R2CPRESS134.jpg\" width=\"600\" height=\"600\" srcset=\"https:\/\/www.r2cpress.com.br\/v1\/wp-content\/uploads\/CAPA-R2CPRESS134.jpg 600w, https:\/\/www.r2cpress.com.br\/v1\/wp-content\/uploads\/CAPA-R2CPRESS134-150x150.jpg 150w, https:\/\/www.r2cpress.com.br\/v1\/wp-content\/uploads\/CAPA-R2CPRESS134-300x300.jpg 300w\" sizes=\"(max-width: 600px) 100vw, 600px\" \/><\/a><p id=\"caption-attachment-64556\" class=\"wp-caption-text\">ENCONTRO COM A M\u00cdDIA REGIONAL. Fotos: Clodoaldo Ribeiro e Roberto Santos. MONT\/<strong>R2CPRESS<\/strong><\/p><\/div>\n<p>Eu gostei de ter ido.<\/p>\n","protected":false},"excerpt":{"rendered":"<p>Robinson Almeida, Secret\u00e1rio de Comunica\u00e7\u00e3o Social do\u00a0 Governo da Bahia, esteve na manh\u00e3 desta sexta-feira no &#8220;Encontro com a M\u00eddia Regional&#8221;. O evento foi bastante concorrido, foi mostrado o andamento de alguns projetos considerados de peso pela governadoria, d\u00favidas foram dirimidas. Al\u00e9m de Robinson, estavam na comitiva: Edmundo Filho chefe do N\u00facleo de R\u00e1dio da [&hellip;]<\/p>\n","protected":false},"author":2,"featured_media":0,"comment_status":"open","ping_status":"open","sticky":false,"template":"","format":"standard","meta":{"_links_to":"","_links_to_target":""},"categories":[29],"tags":[],"_links":{"self":[{"href":"https:\/\/www.r2cpress.com.br\/v1\/wp-json\/wp\/v2\/posts\/64551"}],"collection":[{"href":"https:\/\/www.r2cpress.com.br\/v1\/wp-json\/wp\/v2\/posts"}],"about":[{"href":"https:\/\/www.r2cpress.com.br\/v1\/wp-json\/wp\/v2\/types\/post"}],"author":[{"embeddable":true,"href":"https:\/\/www.r2cpress.com.br\/v1\/wp-json\/wp\/v2\/users\/2"}],"replies":[{"embeddable":true,"href":"https:\/\/www.r2cpress.com.br\/v1\/wp-json\/wp\/v2\/comments?post=64551"}],"version-history":[{"count":10,"href":"https:\/\/www.r2cpress.com.br\/v1\/wp-json\/wp\/v2\/posts\/64551\/revisions"}],"predecessor-version":[{"id":64559,"href":"https:\/\/www.r2cpress.com.br\/v1\/wp-json\/wp\/v2\/posts\/64551\/revisions\/64559"}],"wp:attachment":[{"href":"https:\/\/www.r2cpress.com.br\/v1\/wp-json\/wp\/v2\/media?parent=64551"}],"wp:term":[{"taxonomy":"category","embeddable":true,"href":"https:\/\/www.r2cpress.com.br\/v1\/wp-json\/wp\/v2\/categories?post=64551"},{"taxonomy":"post_tag","embeddable":true,"href":"https:\/\/www.r2cpress.com.br\/v1\/wp-json\/wp\/v2\/tags?post=64551"}],"curies":[{"name":"wp","href":"https:\/\/api.w.org\/{rel}","templated":true}]}}