{"id":6459,"date":"2011-01-13T11:06:17","date_gmt":"2011-01-13T14:06:17","guid":{"rendered":"http:\/\/www.r2cpress.com.br\/v1\/?p=6459"},"modified":"2011-01-13T11:06:17","modified_gmt":"2011-01-13T14:06:17","slug":"girando-com-paulo-roberto-e-reginaldo-lima","status":"publish","type":"post","link":"https:\/\/www.r2cpress.com.br\/v1\/2011\/01\/13\/girando-com-paulo-roberto-e-reginaldo-lima\/","title":{"rendered":"Girando com Paulo Roberto e Reginaldo Lima"},"content":{"rendered":"<p><a href=\"http:\/\/www.r2cpress.com.br\/v1\/wp-content\/uploads\/paulo-roberto-3-em-1.jpg\"><img loading=\"lazy\" src=\"http:\/\/www.r2cpress.com.br\/v1\/wp-content\/uploads\/paulo-roberto-3-em-1-300x94.jpg\" alt=\"\" title=\"paulo roberto 3 em 1\" width=\"300\" height=\"94\" class=\"alignnone size-medium wp-image-6460\" srcset=\"https:\/\/www.r2cpress.com.br\/v1\/wp-content\/uploads\/paulo-roberto-3-em-1-300x94.jpg 300w, https:\/\/www.r2cpress.com.br\/v1\/wp-content\/uploads\/paulo-roberto-3-em-1.jpg 800w\" sizes=\"(max-width: 300px) 100vw, 300px\" \/><\/a><br \/>\nPresidente do Cama\u00e7ari confiante em boa campanha<br \/>\nFluminense j\u00e1 tem time definido para estreia no Baian\u00e3o<br \/>\nFeirense quer fazer bonito no Baian\u00e3o 2011<\/p>\n<p><!--more--><\/p>\n<p>***<\/p>\n<p><strong>Presidente do Cama\u00e7ari confiante em boa campanha<\/strong><\/p>\n<p>O Cama\u00e7ari n\u00e3o fez uma boa participa\u00e7\u00e3o no Campeonato Brasileiro da Serie D de 2010, mas quer fazer uma campanha que possa brigar pela \u00fanica vaga que resta para o certame nacional deste ano. O time mostrou uma boa base no torneio in\u00edcio, no \u00faltimo dia 09 em Pitua\u00e7u.<\/p>\n<p>O time do presidente Fernando Lopes, manteve alguns jogadores da campanha do Baian\u00e3o do ano passado, como o zagueiro Marins e os volantes Totinga e Dos Santos. Mas a aposta principal de Fernando \u00e9 no treinador Eduardo Bahia, ex treinador de goleiros do Vit\u00f3ria.<\/p>\n<p>A diretoria do time acredita que o t\u00e9cnico Eduardo, vai ser a grande revela\u00e7\u00e3o do campeonato, &#8220;Eduardo Bahia vai ser o grande destaque do Baian\u00e3o deste ano, voc\u00eas v\u00e3o ver&#8221;, declarou Lopes.<\/p>\n<p>O Cama\u00e7ari mostrou que vai d\u00e1 trabalho no estadual, j\u00e1 que no torneio in\u00edcio eliminou o Atl\u00e9tico na primeira fase, nos penaltis e na segunda fase empatou com o Bahia no tempo normal e foi eliminado tamb\u00e9m nos penaltis.<\/p>\n<p>O t\u00e9cnico Eduardo Bahia ainda n\u00e3o confirmou, mas a equipe deve ir a campo domingo contra o  com Alan, Dinho(Maicon), Marins, Fabiano e Ronaldinho, Totinga, Dos Santos, Caio e Sanches, Daniel e Cear\u00e1.<\/p>\n<p><strong>Fluminense j\u00e1 tem time definido para estreia no Baian\u00e3o<\/strong><\/p>\n<p>O treinador do Fluminense de Feira, Luiz Carlos Cruz j\u00e1 tem a equipe que vai estrear no Campeonato Baiano no pr\u00f3ximo domingo, \u00e0s 16h, no est\u00e1dio Alberto Oliveira (J\u00f3ia da Princesa), em Feira de Santana.<\/p>\n<p>O time ser\u00e1 formado com Beto, Edcarlos, a dupla de zaga com Walter e Alexandre, Sadrack ser\u00e1 o lateral esquerdo. No meio campo, T\u00e1cio e Marcos Vinicius s\u00e3o os volantes; Petros e Willian Kremer, os homens de aproxima\u00e7\u00e3o e mais adiantado, Danilo Gomes e Sergio J\u00fanior s\u00e3o os atacantes.<\/p>\n<p>A diretoria do Touro pretende apostar na divis\u00e3o de base nesta temporada e n\u00e3o tem interesse em contratar mais nenhum atleta para o Baian\u00e3o. Segundo o presidente do clube, Lu\u00eds Paulilo Filho o clube n\u00e3o tem condi\u00e7\u00f5es de fazer investimentos nesse momento por conta da desist\u00eancia do seu principal patrocinador.<\/p>\n<p><strong>Feirense quer fazer bonito no Baian\u00e3o 2011<\/strong><\/p>\n<p>O Feirense est\u00e1 pronto para estrear no Campeonato Baiano de 2011. Assim como aconteceu em 2010, que a equipe gameleira abriu a competi\u00e7\u00e3o contra o Madre de Deus, este ano ser\u00e1 contra o Bahia de Feira, no pr\u00f3ximo s\u00e1bado, dia 15 de janeiro no Est\u00e1dio J\u00f3ia da Princesa, em Feira de Santana.<\/p>\n<p>O presidente do clube, Dilson Carneiro &#8220;Gamela&#8221; est\u00e1 confiante em uma boa participa\u00e7\u00e3o no estadual deste ano, &#8220;Montamos um bom time, uma equipe com jogadores jovens, mas de muita qualidade e vamos brigar pelo t\u00edtulo de campe\u00e3o baiano&#8221;, declarou o presidente.<\/p>\n<p>&#8220;Sei que Bahia e Vit\u00f3ria s\u00e3o favoritos, mas o Feirense vai brigar de igual pra igual com todo mundo, eu sou acostumado a conquistar t\u00edtulos no futebol da Bahia&#8221;, disse Gamela para ao nosso Site Galeria da Bola. Gamela s\u00f3 n\u00e3o gosta quando \u00e9 perguntado sobre uma poss\u00edvel sa\u00edda de Feira de Santana.<\/p>\n<p>&#8220;Quem inventou essa conversa \u00e9 muito mal informado, nunca pensamos em sair de Feira, o nome do meu time \u00e9 Feirense e n\u00e3o existe nenhuma possibilidade de nosso time sair de Feira&#8221;, fala chateado.<\/p>\n<p>Pela segunda vez, Gamela aposta no t\u00e9cnico Duzinho, para comandar a equipe do Feirense no Campeonato Baiano deste ano. O time base do Feirense para estreia deve ser Vadson, Rafael, Mota, Leomar e Jorginho, Pedro, Rick, Geronimo e Mael, Fernando e Arcanjo.<\/p>\n<p>&#8212;<br \/>\n<a href = \"http:\/\/www.galeriadabola.com\/\" target = \"_news\"><b>Galeria da Bola<\/b><\/a><\/p>\n","protected":false},"excerpt":{"rendered":"<p>Presidente do Cama\u00e7ari confiante em boa campanha Fluminense j\u00e1 tem time definido para estreia no Baian\u00e3o Feirense quer fazer bonito no Baian\u00e3o 2011<\/p>\n","protected":false},"author":2,"featured_media":0,"comment_status":"open","ping_status":"open","sticky":false,"template":"","format":"standard","meta":{"_links_to":"","_links_to_target":""},"categories":[11],"tags":[],"_links":{"self":[{"href":"https:\/\/www.r2cpress.com.br\/v1\/wp-json\/wp\/v2\/posts\/6459"}],"collection":[{"href":"https:\/\/www.r2cpress.com.br\/v1\/wp-json\/wp\/v2\/posts"}],"about":[{"href":"https:\/\/www.r2cpress.com.br\/v1\/wp-json\/wp\/v2\/types\/post"}],"author":[{"embeddable":true,"href":"https:\/\/www.r2cpress.com.br\/v1\/wp-json\/wp\/v2\/users\/2"}],"replies":[{"embeddable":true,"href":"https:\/\/www.r2cpress.com.br\/v1\/wp-json\/wp\/v2\/comments?post=6459"}],"version-history":[{"count":3,"href":"https:\/\/www.r2cpress.com.br\/v1\/wp-json\/wp\/v2\/posts\/6459\/revisions"}],"predecessor-version":[{"id":6463,"href":"https:\/\/www.r2cpress.com.br\/v1\/wp-json\/wp\/v2\/posts\/6459\/revisions\/6463"}],"wp:attachment":[{"href":"https:\/\/www.r2cpress.com.br\/v1\/wp-json\/wp\/v2\/media?parent=6459"}],"wp:term":[{"taxonomy":"category","embeddable":true,"href":"https:\/\/www.r2cpress.com.br\/v1\/wp-json\/wp\/v2\/categories?post=6459"},{"taxonomy":"post_tag","embeddable":true,"href":"https:\/\/www.r2cpress.com.br\/v1\/wp-json\/wp\/v2\/tags?post=6459"}],"curies":[{"name":"wp","href":"https:\/\/api.w.org\/{rel}","templated":true}]}}