{"id":64637,"date":"2013-05-06T14:40:17","date_gmt":"2013-05-06T17:40:17","guid":{"rendered":"http:\/\/www.r2cpress.com.br\/v1\/?p=64637"},"modified":"2013-05-06T14:40:17","modified_gmt":"2013-05-06T17:40:17","slug":"governo-institui-grupo-de-trabalho-para-reestruturacao-da-policia-militar","status":"publish","type":"post","link":"https:\/\/www.r2cpress.com.br\/v1\/2013\/05\/06\/governo-institui-grupo-de-trabalho-para-reestruturacao-da-policia-militar\/","title":{"rendered":"Governo institui grupo de trabalho para reestrutura\u00e7\u00e3o da Pol\u00edcia Militar"},"content":{"rendered":"<p>O Di\u00e1rio Oficial do Estado publicou na edi\u00e7\u00e3o do fim de semana (4 e 5) o Decreto 14.460\/2013, que institui um grupo de trabalho para a reestrutura\u00e7\u00e3o e moderniza\u00e7\u00e3o organizacional da Pol\u00edcia Militar da Bahia (PM\/BA). A cria\u00e7\u00e3o do grupo atende a uma reivindica\u00e7\u00e3o da categoria.<\/p>\n<p> O grupo de trabalho \u00e9 composto por representantes das secretarias da Seguran\u00e7a P\u00fablica, da Administra\u00e7\u00e3o e da Casa Civil, al\u00e9m da Procuradoria Geral do Estado (PGE) e da Pol\u00edcia Militar. A partir de estudos, tem como finalidade a elabora\u00e7\u00e3o, de maneira integrada, de uma proposta para a reestrutura\u00e7\u00e3o da corpora\u00e7\u00e3o. Ele conta com um prazo de seis meses para entregar a proposta, em forma de relat\u00f3rio, ao Comit\u00ea Executivo do Programa Pacto pela Vida.<\/p>\n<p>          Segundo o secret\u00e1rio da Seguran\u00e7a P\u00fablica, Maur\u00edcio Barbosa, as reuni\u00f5es peri\u00f3dicas come\u00e7am logo ap\u00f3s a indica\u00e7\u00e3o dos representantes. \u201cO objetivo desse grupo de trabalho \u00e9 estabelecer uma atualiza\u00e7\u00e3o do Estatuto da Lei Org\u00e2nica da Pol\u00edcia Militar, atendendo aos anseios de toda a categoria, incluindo pra\u00e7as e oficiais, de acordo com o interesse por uma pol\u00edcia mais eficaz e pr\u00f3xima da sociedade\u201d.<\/p>\n<p>&#8230;<br \/>\nSecom  &#8211; Secretaria de Comunica\u00e7\u00e3o Social &#8211; Governo da Bahia<\/p>\n","protected":false},"excerpt":{"rendered":"<p>O Di\u00e1rio Oficial do Estado publicou na edi\u00e7\u00e3o do fim de semana (4 e 5) o Decreto 14.460\/2013, que institui um grupo de trabalho para a reestrutura\u00e7\u00e3o e moderniza\u00e7\u00e3o organizacional da Pol\u00edcia Militar da Bahia (PM\/BA). A cria\u00e7\u00e3o do grupo atende a uma reivindica\u00e7\u00e3o da categoria. O grupo de trabalho \u00e9 composto por representantes das [&hellip;]<\/p>\n","protected":false},"author":2,"featured_media":0,"comment_status":"open","ping_status":"open","sticky":false,"template":"","format":"standard","meta":{"_links_to":"","_links_to_target":""},"categories":[29],"tags":[],"_links":{"self":[{"href":"https:\/\/www.r2cpress.com.br\/v1\/wp-json\/wp\/v2\/posts\/64637"}],"collection":[{"href":"https:\/\/www.r2cpress.com.br\/v1\/wp-json\/wp\/v2\/posts"}],"about":[{"href":"https:\/\/www.r2cpress.com.br\/v1\/wp-json\/wp\/v2\/types\/post"}],"author":[{"embeddable":true,"href":"https:\/\/www.r2cpress.com.br\/v1\/wp-json\/wp\/v2\/users\/2"}],"replies":[{"embeddable":true,"href":"https:\/\/www.r2cpress.com.br\/v1\/wp-json\/wp\/v2\/comments?post=64637"}],"version-history":[{"count":2,"href":"https:\/\/www.r2cpress.com.br\/v1\/wp-json\/wp\/v2\/posts\/64637\/revisions"}],"predecessor-version":[{"id":64639,"href":"https:\/\/www.r2cpress.com.br\/v1\/wp-json\/wp\/v2\/posts\/64637\/revisions\/64639"}],"wp:attachment":[{"href":"https:\/\/www.r2cpress.com.br\/v1\/wp-json\/wp\/v2\/media?parent=64637"}],"wp:term":[{"taxonomy":"category","embeddable":true,"href":"https:\/\/www.r2cpress.com.br\/v1\/wp-json\/wp\/v2\/categories?post=64637"},{"taxonomy":"post_tag","embeddable":true,"href":"https:\/\/www.r2cpress.com.br\/v1\/wp-json\/wp\/v2\/tags?post=64637"}],"curies":[{"name":"wp","href":"https:\/\/api.w.org\/{rel}","templated":true}]}}