{"id":64643,"date":"2013-05-06T16:16:18","date_gmt":"2013-05-06T19:16:18","guid":{"rendered":"http:\/\/www.r2cpress.com.br\/v1\/?p=64643"},"modified":"2013-05-06T16:16:18","modified_gmt":"2013-05-06T19:16:18","slug":"cdl-de-ilheus-e-sebrae-firmam-novas-parcerias","status":"publish","type":"post","link":"https:\/\/www.r2cpress.com.br\/v1\/2013\/05\/06\/cdl-de-ilheus-e-sebrae-firmam-novas-parcerias\/","title":{"rendered":"CDL DE ILH\u00c9US E SEBRAE FIRMAM NOVAS PARCERIAS"},"content":{"rendered":"<p>Depois do sucesso da palestra motivacional com a consultora em diagn\u00f3sticos empresariais do Sebrae, Marta Ayres, que marcou o in\u00edcio de Campanha Tr\u00edplice 2013 da C\u00e2mara de Dirigentes Lojistas de Ilh\u00e9us no inicio desta semana, a parceria entre as entidades se fortaleceu ainda mais. Empres\u00e1rios, comerci\u00e1rios e membros da imprensa puderam &#8211; de forma din\u00e2mica e descontra\u00edda- adquirir conhecimentos nas \u00e1reas de vendas, lideran\u00e7a e atendimento, al\u00e9m de elevar a autoestima. O objetivo \u00e9 a qualifica\u00e7\u00e3o da m\u00e3o de obra, para alavancar as vendas no com\u00e9rcio da cidade no per\u00edodo em que se comemoram os dias das M\u00e3es, dos Namorados e S\u00e3o Jo\u00e3o.<\/p>\n<div id=\"attachment_64644\" style=\"width: 560px\" class=\"wp-caption aligncenter\"><a href=\"http:\/\/www.r2cpress.com.br\/v1\/wp-content\/uploads\/Paulo-Ganem-pres.-da-CDL-de-Ilh\u00e9us-Claudiana-Figueiredo-do-Sebrae-e-dirigentes-lojistas.jpg\"><img aria-describedby=\"caption-attachment-64644\" loading=\"lazy\" class=\"size-full wp-image-64644\" alt=\"Paulo Ganem, pres. da CDL de Ilh\u00e9us, Claudiana Figueiredo do Sebrae, e dirigentes lojistas\" src=\"http:\/\/www.r2cpress.com.br\/v1\/wp-content\/uploads\/Paulo-Ganem-pres.-da-CDL-de-Ilh\u00e9us-Claudiana-Figueiredo-do-Sebrae-e-dirigentes-lojistas.jpg\" width=\"550\" height=\"413\" srcset=\"https:\/\/www.r2cpress.com.br\/v1\/wp-content\/uploads\/Paulo-Ganem-pres.-da-CDL-de-Ilh\u00e9us-Claudiana-Figueiredo-do-Sebrae-e-dirigentes-lojistas.jpg 550w, https:\/\/www.r2cpress.com.br\/v1\/wp-content\/uploads\/Paulo-Ganem-pres.-da-CDL-de-Ilh\u00e9us-Claudiana-Figueiredo-do-Sebrae-e-dirigentes-lojistas-300x225.jpg 300w\" sizes=\"(max-width: 550px) 100vw, 550px\" \/><\/a><p id=\"caption-attachment-64644\" class=\"wp-caption-text\">Paulo Ganem, pres. da CDL de Ilh\u00e9us, Claudiana Figueiredo do Sebrae, e dirigentes lojistas<\/p><\/div>\n<p>Um novo encontro entre a gestora de projetos do Sebrae, Claudiana Figueiredo, e a diretoria da CDL foi realizado na noite desta quinta-feira (02.05) no audit\u00f3rio do Sindicato do Com\u00e9rcio, no centro de Ilh\u00e9us, e o di\u00e1logo foi ampliado. \u201cO Sebrae sempre foi um grande parceiro. Estamos acordando alguns apoios para a Campanha Tr\u00edplice e, al\u00e9m disso para o m\u00eas de setembro, queremos trazer a Ilh\u00e9us um palestrante de renome nacional para capacitar ainda mais nosso p\u00fablico-alvo que s\u00e3o comerciantes e comerci\u00e1rios\u201d, explicou o presidente da CDL de Ilh\u00e9us, Paulo Ganem, ressaltando a gama de servi\u00e7os oferecidos pelo Sebrae para empreendedores e micro e pequenos empres\u00e1rios, como cursos e treinamentos, consultoria, informa\u00e7\u00f5es t\u00e9cnicas entre outros. \u201cS\u00e3o cursos e treinamentos maravilhosos com consultores altamente capacitados, e muitas vezes, s\u00e3o subsidiados quase na sua totalidade e a classe empresarial n\u00e3o sabe aproveitar. Queremos focar nisso, um com\u00e9rcio qualificado \u00e9 sin\u00f4nimo de sucesso!\u201d, explicou Ganem.<\/p>\n<p>Quinzenalmente ser\u00e1 realizado em Ilh\u00e9us um Encontro Empresarial. Ser\u00e1 almo\u00e7o ou jantar, com palestras ministradas por facilitadores do Sebrae, para que os empres\u00e1rios aprendam, discutam, tirem d\u00favidas ou sugiram mudan\u00e7as sempre relativas ao com\u00e9rcio e \u00e0s quest\u00f5es que o influenciam diretamente ou indiretamente. \u201cPrecisamos estar juntos, pensar juntos, encontrar solu\u00e7\u00f5es juntos, estudar juntos, enfim, a uni\u00e3o faz a for\u00e7a. N\u00e3o adianta ficar cada um na sua empresa, muitas vezes at\u00e9 reclamando. Juntos, podemos resolver in\u00fameros problemas e lutar pelos nosso interesses\u201d, finalizou Paulo.<\/p>\n","protected":false},"excerpt":{"rendered":"<p>Depois do sucesso da palestra motivacional com a consultora em diagn\u00f3sticos empresariais do Sebrae, Marta Ayres, que marcou o in\u00edcio de Campanha Tr\u00edplice 2013 da C\u00e2mara de Dirigentes Lojistas de Ilh\u00e9us no inicio desta semana, a parceria entre as entidades se fortaleceu ainda mais. Empres\u00e1rios, comerci\u00e1rios e membros da imprensa puderam &#8211; de forma din\u00e2mica [&hellip;]<\/p>\n","protected":false},"author":2,"featured_media":0,"comment_status":"open","ping_status":"open","sticky":false,"template":"","format":"standard","meta":{"_links_to":"","_links_to_target":""},"categories":[19],"tags":[],"_links":{"self":[{"href":"https:\/\/www.r2cpress.com.br\/v1\/wp-json\/wp\/v2\/posts\/64643"}],"collection":[{"href":"https:\/\/www.r2cpress.com.br\/v1\/wp-json\/wp\/v2\/posts"}],"about":[{"href":"https:\/\/www.r2cpress.com.br\/v1\/wp-json\/wp\/v2\/types\/post"}],"author":[{"embeddable":true,"href":"https:\/\/www.r2cpress.com.br\/v1\/wp-json\/wp\/v2\/users\/2"}],"replies":[{"embeddable":true,"href":"https:\/\/www.r2cpress.com.br\/v1\/wp-json\/wp\/v2\/comments?post=64643"}],"version-history":[{"count":2,"href":"https:\/\/www.r2cpress.com.br\/v1\/wp-json\/wp\/v2\/posts\/64643\/revisions"}],"predecessor-version":[{"id":64646,"href":"https:\/\/www.r2cpress.com.br\/v1\/wp-json\/wp\/v2\/posts\/64643\/revisions\/64646"}],"wp:attachment":[{"href":"https:\/\/www.r2cpress.com.br\/v1\/wp-json\/wp\/v2\/media?parent=64643"}],"wp:term":[{"taxonomy":"category","embeddable":true,"href":"https:\/\/www.r2cpress.com.br\/v1\/wp-json\/wp\/v2\/categories?post=64643"},{"taxonomy":"post_tag","embeddable":true,"href":"https:\/\/www.r2cpress.com.br\/v1\/wp-json\/wp\/v2\/tags?post=64643"}],"curies":[{"name":"wp","href":"https:\/\/api.w.org\/{rel}","templated":true}]}}