{"id":64647,"date":"2013-05-06T16:19:43","date_gmt":"2013-05-06T19:19:43","guid":{"rendered":"http:\/\/www.r2cpress.com.br\/v1\/?p=64647"},"modified":"2013-05-06T16:19:43","modified_gmt":"2013-05-06T19:19:43","slug":"secretarios-de-ilheus-discutem-os-objetivos-do-milenio-com-o-mp","status":"publish","type":"post","link":"https:\/\/www.r2cpress.com.br\/v1\/2013\/05\/06\/secretarios-de-ilheus-discutem-os-objetivos-do-milenio-com-o-mp\/","title":{"rendered":"Secret\u00e1rios de Ilh\u00e9us discutem os Objetivos do Mil\u00eanio com o MP"},"content":{"rendered":"<div id=\"attachment_64648\" style=\"width: 510px\" class=\"wp-caption aligncenter\"><a href=\"http:\/\/www.r2cpress.com.br\/v1\/wp-content\/uploads\/Objetivos-do-Mil\u00eanio-Fonte-Internet.jpg\"><img aria-describedby=\"caption-attachment-64648\" loading=\"lazy\" class=\"size-full wp-image-64648\" alt=\"Objetivos do Mil\u00eanio - Fonte Internet.\" src=\"http:\/\/www.r2cpress.com.br\/v1\/wp-content\/uploads\/Objetivos-do-Mil\u00eanio-Fonte-Internet.jpg\" width=\"500\" height=\"389\" srcset=\"https:\/\/www.r2cpress.com.br\/v1\/wp-content\/uploads\/Objetivos-do-Mil\u00eanio-Fonte-Internet.jpg 500w, https:\/\/www.r2cpress.com.br\/v1\/wp-content\/uploads\/Objetivos-do-Mil\u00eanio-Fonte-Internet-300x233.jpg 300w\" sizes=\"(max-width: 500px) 100vw, 500px\" \/><\/a><p id=\"caption-attachment-64648\" class=\"wp-caption-text\">Objetivos do Mil\u00eanio &#8211; Fonte Internet.<\/p><\/div>\n<p><span style=\"color: #000000;\">Com a proposta de debater as medidas a serem executadas neste ano de 2013 para o cumprimento dos Objetivos do Mil\u00eanio, em Ilh\u00e9us, secret\u00e1rios municipais participam nesta ter\u00e7a-feira, dia 07, de encontro promovido pela 8\u00aa Promotoria de Justi\u00e7a de Ilh\u00e9us, no Escrit\u00f3rio Regional do Minist\u00e9rio P\u00fablico, a partir das 10 horas. As discuss\u00f5es fazem parte do planejamento interinstitucional do programa \u2018O Minist\u00e9rio P\u00fablico e Os Objetivos do Mil\u00eanio\u2019 voltado para o estudo de a\u00e7\u00f5es conjuntas entre institui\u00e7\u00f5es ligadas \u00e0 educa\u00e7\u00e3o, incluindo obras de reforma e constru\u00e7\u00e3o de pr\u00e9dios, seguran\u00e7a interna e no entorno das escolas, diminui\u00e7\u00e3o de fatores de riscos \u00e0 sa\u00fade bem como a promo\u00e7\u00e3o de eventos de conscientiza\u00e7\u00e3o da comunidade. <\/span><\/p>\n<p><span style=\"color: #000000;\">Durante o encontro, o MP apresentar\u00e1 o programa, fazendo uma avalia\u00e7\u00e3o das a\u00e7\u00f5es realizadas no ano passado no munic\u00edpio. Tamb\u00e9m ser\u00e1 elaborado o plano conjunto para 2013, com indica\u00e7\u00f5es de a\u00e7\u00f5es necess\u00e1rias, bem como a avalia\u00e7\u00e3o das condi\u00e7\u00f5es or\u00e7ament\u00e1rias e projetos do Governo. Outros t\u00f3picos do debate ser\u00e3o a inclus\u00e3o do Semin\u00e1rio de Mobiliza\u00e7\u00e3o Social pela Educa\u00e7\u00e3o, previsto para o m\u00eas de agosto, no calend\u00e1rio de eventos do munic\u00edpio, o lan\u00e7amento da 3\u00aa edi\u00e7\u00e3o do jornal Eco Teens, no Dia Mundial do Meio Ambiente (05\/06), al\u00e9m da realiza\u00e7\u00e3o do III Simulado de Inc\u00eandio em Escolas P\u00fablicas de Ilh\u00e9us, que vai ocorrer em outubro. <\/span><\/p>\n<p><span style=\"color: #000000;\"><b>Objetivos do Mil\u00eanio<\/b> \u2013 Os Objetivos de Desenvolvimento do Mil\u00eanio (ODM) surgem da Declara\u00e7\u00e3o do Mil\u00eanio das Na\u00e7\u00f5es Unidas, adotada pelos 191 estados membros, no dia 8 de setembro de 2000. Criada em um esfor\u00e7o para sintetizar acordos internacionais alcan\u00e7ados em v\u00e1rias c\u00fapulas mundiais ao longo dos anos 90, sobre meio-ambiente, desenvolimento, direito das mulheres, desenvolvimento social e racismo, a declara\u00e7\u00e3o traz uma s\u00e9rie de compromissos concretos que, se cumpridos nos prazos fixados, segundo os indicadores quantitativos que os acompanham, dever\u00e3o melhorar o destino da humanidade neste s\u00e9culo.<\/span><\/p>\n<p><span style=\"color: #000000;\">S\u00e3o eles: erradicar a probreza extrema e a fome, atingir o ensino b\u00e1sico universal, promover a igualdade entre os sexos e a autonomia das mulheres, reduzir a mortalidade infantil, melhorar a sa\u00fade materna, combater a prolifera\u00e7\u00e3o da AIDS, da mal\u00e1ria e de outras doen\u00e7as, garantir a sustentabilidade ambiental e estabelecer uma parceria mundial para o desenvolvimento.<\/span><\/p>\n<p><span style=\"color: #000000;\">Concretos e mensur\u00e1veis, os oito objetivos \u2013 com suas 22 metas (24 no Brasil) e 48 indicadores \u2013 podem ser acompanhados por todos, em cada pa\u00eds; os avan\u00e7os podem ser comparados e avaliados em escalas nacional, regional e global; e os resultados podem ser cobrados pelos povos a seus reprentantes, sendo que ambos devem colaborar para alcan\u00e7ar os compromissos assumidos em 2000. Eles tamb\u00e9m servem de exemplo e alavanca para a elabora\u00e7\u00e3o de formas complementares, mais amplas e at\u00e9 sist\u00eamicas, para a busca de solu\u00e7\u00f5es adaptadas \u00e0s condi\u00e7\u00f5es e potencialidades de cada sociedade.<\/span><\/p>\n<div>\n<div id=\":2ni\" tabindex=\"0\" role=\"button\" data-tooltip=\"Ocultar conte\u00fado expandido\"><img alt=\"\" src=\"http:\/\/mail.globo.com\/mail\/images\/cleardot.gif\" \/><\/div>\n<\/div>\n","protected":false},"excerpt":{"rendered":"<p>Com a proposta de debater as medidas a serem executadas neste ano de 2013 para o cumprimento dos Objetivos do Mil\u00eanio, em Ilh\u00e9us, secret\u00e1rios municipais participam nesta ter\u00e7a-feira, dia 07, de encontro promovido pela 8\u00aa Promotoria de Justi\u00e7a de Ilh\u00e9us, no Escrit\u00f3rio Regional do Minist\u00e9rio P\u00fablico, a partir das 10 horas. As discuss\u00f5es fazem parte [&hellip;]<\/p>\n","protected":false},"author":2,"featured_media":0,"comment_status":"open","ping_status":"open","sticky":false,"template":"","format":"standard","meta":{"_links_to":"","_links_to_target":""},"categories":[23],"tags":[],"_links":{"self":[{"href":"https:\/\/www.r2cpress.com.br\/v1\/wp-json\/wp\/v2\/posts\/64647"}],"collection":[{"href":"https:\/\/www.r2cpress.com.br\/v1\/wp-json\/wp\/v2\/posts"}],"about":[{"href":"https:\/\/www.r2cpress.com.br\/v1\/wp-json\/wp\/v2\/types\/post"}],"author":[{"embeddable":true,"href":"https:\/\/www.r2cpress.com.br\/v1\/wp-json\/wp\/v2\/users\/2"}],"replies":[{"embeddable":true,"href":"https:\/\/www.r2cpress.com.br\/v1\/wp-json\/wp\/v2\/comments?post=64647"}],"version-history":[{"count":3,"href":"https:\/\/www.r2cpress.com.br\/v1\/wp-json\/wp\/v2\/posts\/64647\/revisions"}],"predecessor-version":[{"id":64651,"href":"https:\/\/www.r2cpress.com.br\/v1\/wp-json\/wp\/v2\/posts\/64647\/revisions\/64651"}],"wp:attachment":[{"href":"https:\/\/www.r2cpress.com.br\/v1\/wp-json\/wp\/v2\/media?parent=64647"}],"wp:term":[{"taxonomy":"category","embeddable":true,"href":"https:\/\/www.r2cpress.com.br\/v1\/wp-json\/wp\/v2\/categories?post=64647"},{"taxonomy":"post_tag","embeddable":true,"href":"https:\/\/www.r2cpress.com.br\/v1\/wp-json\/wp\/v2\/tags?post=64647"}],"curies":[{"name":"wp","href":"https:\/\/api.w.org\/{rel}","templated":true}]}}