{"id":64657,"date":"2013-05-06T16:42:03","date_gmt":"2013-05-06T19:42:03","guid":{"rendered":"http:\/\/www.r2cpress.com.br\/v1\/?p=64657"},"modified":"2013-05-06T16:42:03","modified_gmt":"2013-05-06T19:42:03","slug":"inauguracao-de-uti-neonatal-e-centro-de-comunicacao-da-policia-em-jequie","status":"publish","type":"post","link":"https:\/\/www.r2cpress.com.br\/v1\/2013\/05\/06\/inauguracao-de-uti-neonatal-e-centro-de-comunicacao-da-policia-em-jequie\/","title":{"rendered":"Inaugura\u00e7\u00e3o de UTI Neonatal e Centro de Comunica\u00e7\u00e3o da pol\u00edcia em Jequi\u00e9"},"content":{"rendered":"<p>O governador Jaques Wagner e a Funda\u00e7\u00e3o Jos\u00e9 Silveira, inauguram nesta ter\u00e7a-feira (7), \u00e0s 11h, no Hospital Santa Casa S\u00e3o Judas Tadeu, em Jequi\u00e9, uma UTI Neonatal, a primeira da microrregi\u00e3o do munic\u00edpio. A nova ala do Hospital conta com 14 leitos, com equipamentos de alta tecnologia e disp\u00f5e de uma equipe multidisciplinar de profissionais especializada em atendimento neonatal. A Santa Casa oferece, tamb\u00e9m, cinco leitos cl\u00ednico-neonatos de apoio \u00e0 UTI Neonatal, utilizados por beb\u00eas antes da alta hospitalar.<\/p>\n<p>CICOM<\/p>\n<p>Ainda em Jequi\u00e9, o governador e o secret\u00e1rio da Seguran\u00e7a P\u00fablica, Mauricio Barbosa, entregam o sexto Centro Integrado de Comunica\u00e7\u00e3o (Cicom). Com a estrutura do Cicom \u00e9 poss\u00edvel, por meio de uma central \u00fanica, o atendimento dos tr\u00eas servi\u00e7os de emerg\u00eancia 190 (Pol\u00edcia Militar), 193 (Bombeiros) e 197 (Pol\u00edcia Civil) nas quinze cidades contempladas. A inaugura\u00e7\u00e3o ser\u00e1 \u00e0s 10h, no 19\u00ba Batalh\u00e3o de Pol\u00edcia Militar &#8211; Avenida Ot\u00e1vio Mangabeira.<\/p>\n<p>&#8230;<br \/>\nSecom  &#8211; Secretaria de Comunica\u00e7\u00e3o Social &#8211; Governo da Bahia<\/p>\n","protected":false},"excerpt":{"rendered":"<p>O governador Jaques Wagner e a Funda\u00e7\u00e3o Jos\u00e9 Silveira, inauguram nesta ter\u00e7a-feira (7), \u00e0s 11h, no Hospital Santa Casa S\u00e3o Judas Tadeu, em Jequi\u00e9, uma UTI Neonatal, a primeira da microrregi\u00e3o do munic\u00edpio. A nova ala do Hospital conta com 14 leitos, com equipamentos de alta tecnologia e disp\u00f5e de uma equipe multidisciplinar de profissionais [&hellip;]<\/p>\n","protected":false},"author":2,"featured_media":0,"comment_status":"open","ping_status":"open","sticky":false,"template":"","format":"standard","meta":{"_links_to":"","_links_to_target":""},"categories":[29],"tags":[],"_links":{"self":[{"href":"https:\/\/www.r2cpress.com.br\/v1\/wp-json\/wp\/v2\/posts\/64657"}],"collection":[{"href":"https:\/\/www.r2cpress.com.br\/v1\/wp-json\/wp\/v2\/posts"}],"about":[{"href":"https:\/\/www.r2cpress.com.br\/v1\/wp-json\/wp\/v2\/types\/post"}],"author":[{"embeddable":true,"href":"https:\/\/www.r2cpress.com.br\/v1\/wp-json\/wp\/v2\/users\/2"}],"replies":[{"embeddable":true,"href":"https:\/\/www.r2cpress.com.br\/v1\/wp-json\/wp\/v2\/comments?post=64657"}],"version-history":[{"count":2,"href":"https:\/\/www.r2cpress.com.br\/v1\/wp-json\/wp\/v2\/posts\/64657\/revisions"}],"predecessor-version":[{"id":64659,"href":"https:\/\/www.r2cpress.com.br\/v1\/wp-json\/wp\/v2\/posts\/64657\/revisions\/64659"}],"wp:attachment":[{"href":"https:\/\/www.r2cpress.com.br\/v1\/wp-json\/wp\/v2\/media?parent=64657"}],"wp:term":[{"taxonomy":"category","embeddable":true,"href":"https:\/\/www.r2cpress.com.br\/v1\/wp-json\/wp\/v2\/categories?post=64657"},{"taxonomy":"post_tag","embeddable":true,"href":"https:\/\/www.r2cpress.com.br\/v1\/wp-json\/wp\/v2\/tags?post=64657"}],"curies":[{"name":"wp","href":"https:\/\/api.w.org\/{rel}","templated":true}]}}