{"id":64660,"date":"2013-05-06T18:35:04","date_gmt":"2013-05-06T21:35:04","guid":{"rendered":"http:\/\/www.r2cpress.com.br\/v1\/?p=64660"},"modified":"2013-05-06T19:02:42","modified_gmt":"2013-05-06T22:02:42","slug":"22o-seminario-abordara-grandes-temas-do-marketing-e-do-varejo","status":"publish","type":"post","link":"https:\/\/www.r2cpress.com.br\/v1\/2013\/05\/06\/22o-seminario-abordara-grandes-temas-do-marketing-e-do-varejo\/","title":{"rendered":"22\u00ba Semin\u00e1rio abordar\u00e1 grandes temas do marketing e do varejo"},"content":{"rendered":"<div id=\"attachment_64661\" style=\"width: 310px\" class=\"wp-caption alignleft\"><a href=\"http:\/\/www.r2cpress.com.br\/v1\/wp-content\/uploads\/Eduardo-Fontes_ACI.jpg\"><img aria-describedby=\"caption-attachment-64661\" loading=\"lazy\" class=\"size-full wp-image-64661\" title=\"Eduardo Fontes\" alt=\"Eduardo Fontes_ACI\" src=\"http:\/\/www.r2cpress.com.br\/v1\/wp-content\/uploads\/Eduardo-Fontes_ACI.jpg\" width=\"300\" height=\"447\" srcset=\"https:\/\/www.r2cpress.com.br\/v1\/wp-content\/uploads\/Eduardo-Fontes_ACI.jpg 300w, https:\/\/www.r2cpress.com.br\/v1\/wp-content\/uploads\/Eduardo-Fontes_ACI-201x300.jpg 201w\" sizes=\"(max-width: 300px) 100vw, 300px\" \/><\/a><p id=\"caption-attachment-64661\" class=\"wp-caption-text\">Eduardo Fontes<\/p><\/div>\n<p>Acontece de 9 a 11 de maio o 22\u00ba Semin\u00e1rio de Marketing da Bahia uma realiza\u00e7\u00e3o da ACI \u2013 Associa\u00e7\u00e3o Comercial e Empresarial de Itabuna em parceria com a MVU Eventos. A cerim\u00f4nia de abertura acontecer\u00e1 \u00e0s 19h do dia 9, quinta-feira, com entrada franca, com a palestra do renomado professor e consultor de marketing e planejamento, Ronald Carvalho. Em seguida ser\u00e1 servido um coquetel.<\/p>\n<p>Na sexta-feira, dia 10, a partir das 14h, teremos Luiz Hosannah, MBA em psicologia das organiza\u00e7\u00f5es, Priscila Toledo, Mestre e especialista em l\u00edngua portuguesa e comunica\u00e7\u00e3o corporativa, al\u00e9m do advogado especializado em promo\u00e7\u00f5es comerciais, Dr. Ivo de Camargo.<\/p>\n<p>No s\u00e1bado o p\u00fablico poder\u00e1 conferir as palestras a partir das 9h da manh\u00e3, que ser\u00e3o iniciadas com a apresenta\u00e7\u00e3o de Geider Lins, mestre em marketing e gest\u00e3o empresarial pela universidade de Lisboa, em seguida, Lino Cardoso, diretor de marketing da Arena Fonte Nova, ir\u00e1 demonstrar as oportunidades de neg\u00f3cios durante os eventos esportivos, e o encerramento com Dado Schneider, na sensacional Palestra Muda.<\/p>\n<p>O 22\u00ba Semin\u00e1rio de Marketing da Bahia deve reunir mais de 600 empres\u00e1rios, profissionais liberais e estudantes das \u00e1reas de Administra\u00e7\u00e3o, Economia, Ci\u00eancias Cont\u00e1beis e de Comunica\u00e7\u00e3o, promovendo o debate e a troca de experi\u00eancias com foco em comunica\u00e7\u00e3o e neg\u00f3cios.<\/p>\n<p>Segundo o presidente da ACI, Dr. Eduardo Fontes: \u201ca entidade fez todo o esfor\u00e7o para dar continuidade a um projeto t\u00e3o vigoroso e importante para regi\u00e3o. Esse \u00e9 o papel da Associa\u00e7\u00e3o Comercial e Empresarial de Itabuna: debater a regi\u00e3o no campo das grandes ideias, onde o marketing e o desenvolvimento est\u00e3o inseridos\u201d, completou.<\/p>\n","protected":false},"excerpt":{"rendered":"<p>Acontece de 9 a 11 de maio o 22\u00ba Semin\u00e1rio de Marketing da Bahia uma realiza\u00e7\u00e3o da ACI \u2013 Associa\u00e7\u00e3o Comercial e Empresarial de Itabuna em parceria com a MVU Eventos. A cerim\u00f4nia de abertura acontecer\u00e1 \u00e0s 19h do dia 9, quinta-feira, com entrada franca, com a palestra do renomado professor e consultor de marketing [&hellip;]<\/p>\n","protected":false},"author":2,"featured_media":0,"comment_status":"open","ping_status":"open","sticky":false,"template":"","format":"standard","meta":{"_links_to":"","_links_to_target":""},"categories":[15],"tags":[],"_links":{"self":[{"href":"https:\/\/www.r2cpress.com.br\/v1\/wp-json\/wp\/v2\/posts\/64660"}],"collection":[{"href":"https:\/\/www.r2cpress.com.br\/v1\/wp-json\/wp\/v2\/posts"}],"about":[{"href":"https:\/\/www.r2cpress.com.br\/v1\/wp-json\/wp\/v2\/types\/post"}],"author":[{"embeddable":true,"href":"https:\/\/www.r2cpress.com.br\/v1\/wp-json\/wp\/v2\/users\/2"}],"replies":[{"embeddable":true,"href":"https:\/\/www.r2cpress.com.br\/v1\/wp-json\/wp\/v2\/comments?post=64660"}],"version-history":[{"count":5,"href":"https:\/\/www.r2cpress.com.br\/v1\/wp-json\/wp\/v2\/posts\/64660\/revisions"}],"predecessor-version":[{"id":64664,"href":"https:\/\/www.r2cpress.com.br\/v1\/wp-json\/wp\/v2\/posts\/64660\/revisions\/64664"}],"wp:attachment":[{"href":"https:\/\/www.r2cpress.com.br\/v1\/wp-json\/wp\/v2\/media?parent=64660"}],"wp:term":[{"taxonomy":"category","embeddable":true,"href":"https:\/\/www.r2cpress.com.br\/v1\/wp-json\/wp\/v2\/categories?post=64660"},{"taxonomy":"post_tag","embeddable":true,"href":"https:\/\/www.r2cpress.com.br\/v1\/wp-json\/wp\/v2\/tags?post=64660"}],"curies":[{"name":"wp","href":"https:\/\/api.w.org\/{rel}","templated":true}]}}