{"id":64671,"date":"2013-05-06T20:14:09","date_gmt":"2013-05-06T23:14:09","guid":{"rendered":"http:\/\/www.r2cpress.com.br\/v1\/?p=64671"},"modified":"2013-05-06T22:43:33","modified_gmt":"2013-05-07T01:43:33","slug":"nota-de-falecimento-do-filho-do-ceplaqueano-wanderlito-da-silva","status":"publish","type":"post","link":"https:\/\/www.r2cpress.com.br\/v1\/2013\/05\/06\/nota-de-falecimento-do-filho-do-ceplaqueano-wanderlito-da-silva\/","title":{"rendered":"INOTA DE FALECIMENTO DO FILHO DO CEPLAQUEANO WANDERLITO DA SILVA"},"content":{"rendered":"<div>\n<p><img loading=\"lazy\" class=\"alignleft\" alt=\"Imagem inline 1\" src=\"http:\/\/mail.globo.com\/mail\/?ui=2&amp;ik=4b218c2d2f&amp;view=att&amp;th=13e7c1c73ec78759&amp;attid=0.1&amp;disp=emb&amp;realattid=ii_13e7c1b326bfc302&amp;zw&amp;atsh=1\" width=\"100\" height=\"160\" \/><\/p>\n<p>&nbsp;<\/p>\n<p>Faleceu esta tarde, v\u00edtima de um AVC, LUCIANO SILVA, filho do nosso colega aposentado, WANDERLITO RAIMUNDO DA SILVA.<\/p>\n<p>LUCIANO residia em Ilh\u00e9us. <\/p>\n<p>Aos seus familiares e toda fam\u00edlia enlutada, nossos sentimentos, ao tempo que rogamos a DEUS, pela sua paz eterna.<\/p>\n<p>Mais detalhes do sepultamento, informaremos assim que seja divulgado pelos familiares.<\/p>\n<p>&#8212;<\/p>\n<p>Rezende<\/p>\n<\/div>\n","protected":false},"excerpt":{"rendered":"<p>&nbsp; Faleceu esta tarde, v\u00edtima de um AVC, LUCIANO SILVA, filho do nosso colega aposentado, WANDERLITO RAIMUNDO DA SILVA. LUCIANO residia em Ilh\u00e9us. Aos seus familiares e toda fam\u00edlia enlutada, nossos sentimentos, ao tempo que rogamos a DEUS, pela sua paz eterna. Mais detalhes do sepultamento, informaremos assim que seja divulgado pelos familiares. &#8212; Rezende<\/p>\n","protected":false},"author":2,"featured_media":0,"comment_status":"open","ping_status":"open","sticky":false,"template":"","format":"standard","meta":{"_links_to":"","_links_to_target":""},"categories":[10],"tags":[],"_links":{"self":[{"href":"https:\/\/www.r2cpress.com.br\/v1\/wp-json\/wp\/v2\/posts\/64671"}],"collection":[{"href":"https:\/\/www.r2cpress.com.br\/v1\/wp-json\/wp\/v2\/posts"}],"about":[{"href":"https:\/\/www.r2cpress.com.br\/v1\/wp-json\/wp\/v2\/types\/post"}],"author":[{"embeddable":true,"href":"https:\/\/www.r2cpress.com.br\/v1\/wp-json\/wp\/v2\/users\/2"}],"replies":[{"embeddable":true,"href":"https:\/\/www.r2cpress.com.br\/v1\/wp-json\/wp\/v2\/comments?post=64671"}],"version-history":[{"count":6,"href":"https:\/\/www.r2cpress.com.br\/v1\/wp-json\/wp\/v2\/posts\/64671\/revisions"}],"predecessor-version":[{"id":64686,"href":"https:\/\/www.r2cpress.com.br\/v1\/wp-json\/wp\/v2\/posts\/64671\/revisions\/64686"}],"wp:attachment":[{"href":"https:\/\/www.r2cpress.com.br\/v1\/wp-json\/wp\/v2\/media?parent=64671"}],"wp:term":[{"taxonomy":"category","embeddable":true,"href":"https:\/\/www.r2cpress.com.br\/v1\/wp-json\/wp\/v2\/categories?post=64671"},{"taxonomy":"post_tag","embeddable":true,"href":"https:\/\/www.r2cpress.com.br\/v1\/wp-json\/wp\/v2\/tags?post=64671"}],"curies":[{"name":"wp","href":"https:\/\/api.w.org\/{rel}","templated":true}]}}