{"id":64676,"date":"2013-05-06T20:19:30","date_gmt":"2013-05-06T23:19:30","guid":{"rendered":"http:\/\/www.r2cpress.com.br\/v1\/?p=64676"},"modified":"2013-05-06T20:19:30","modified_gmt":"2013-05-06T23:19:30","slug":"agencia-camara-3","status":"publish","type":"post","link":"https:\/\/www.r2cpress.com.br\/v1\/2013\/05\/06\/agencia-camara-3\/","title":{"rendered":"Ag\u00eancia C\u00e2mara"},"content":{"rendered":"<div id=\"tituloNoticia\">\n<h2>Jornalistas discutir\u00e3o financiamento de pequenas empresas de comunica\u00e7\u00e3o<\/h2>\n<\/div>\n<div id=\"resumoNoticia\">\n<p>Paulo Henrique Amorim e Nelson Breve, da EBC, est\u00e3o entre convidados para o debate.<\/p>\n<\/div>\n<div id=\"conteudoNoticia\">\n<div id=\"fotoNoticia\">\n<div style=\"text-align: right;\">Ag\u00eancia Brasil<\/div>\n<div><img class=\"alignright\" alt=\"Comunica\u00e7\u00e3o - Internet - Tablet\" src=\"http:\/\/www.camara.gov.br\/internet\/bancoimagem\/banco\/20110923142624_tabletMED.JPG\" border=\"0\" \/><\/div>\n<div><em><strong>Somente 11% dos pesquisados s\u00e3o leitores da grande m\u00eddia. Maioria recorre a sites e blogs.<\/strong><\/em><\/div>\n<\/div>\n<p>O financiamento de micro e pequenas empresas de comunica\u00e7\u00e3o que produzem conte\u00fado em diversas plataformas ser\u00e1 o tema de uma audi\u00eancia p\u00fablica na Comiss\u00e3o de Cultura nesta ter\u00e7a-feira (7), \u00e0s 14 horas.<\/p>\n<p>Na reuni\u00e3o, os parlamentares pretendem fechar um acordo para que se crie um fundo de financiamento ou linhas de cr\u00e9ditos diferenciados \u00e0s pequenas empresas da \u00e1rea, gerenciado pelo Banco Nacional de Desenvolvimento Econ\u00f4mico e Social (BNDES).<\/p>\n<p>Dados divulgados pela Associa\u00e7\u00e3o Brasileira de Empresas e Empreendedores da Comunica\u00e7\u00e3o (Altercom) mostram que 46% das pessoas leem jornais, mas que somente 11% s\u00e3o leitores da grande m\u00eddia, que ganha o financiamento p\u00fablico, geralmente integrantes dos grupos Globo, Record ou SBT. Os demais consomem informa\u00e7\u00f5es cotidianas por meio de blogs, sites, ou jornais online.<\/p>\n<p>Segundo informa\u00e7\u00f5es da assessoria da Comiss\u00e3o de Cultura, o colegiado tamb\u00e9m vai declarar o apoio ao Projeto de Lei de Iniciativa Popular que visa \u00e0 democratiza\u00e7\u00e3o das comunica\u00e7\u00f5es no Brasil. A proposta trata da regulamenta\u00e7\u00e3o das Comunica\u00e7\u00f5es Eletr\u00f4nicas, r\u00e1dio e televis\u00e3o, todas regidas pelo C\u00f3digo Brasileiro das Telecomunica\u00e7\u00f5es. A texto prev\u00ea ainda a regulamenta\u00e7\u00e3o dos artigos de comunica\u00e7\u00e3o da Constitui\u00e7\u00e3o Brasileira, como os que tratam da defesa de conte\u00fado nacional, diversidade regional e a produ\u00e7\u00e3o independente.<\/p>\n<p><strong>Conversa Afiada<\/strong><\/p>\n<p><!--more--><br \/>\nForam convidados para o debate a chefe do Departamento de Cultura, Entretenimento e Turismo do BNDES, Luciane Fernandes Gorgulho; o diretor-presidente na Empresa Brasil de Comunica\u00e7\u00e3o (EBC), Nelson Breve; o jornalista do Paulo Henrique Amorim, do Blog Conversa Afiada, e o representante da Associa\u00e7\u00e3o Brasileira de Canais Comunit\u00e1rios (Abbcom), Paulo Miranda.<\/p>\n<p>A deputada Jandira Feghali (PC do B-RJ), autora do requerimento da audi\u00eancia, lembra que o tema da democratiza\u00e7\u00e3o da comunica\u00e7\u00e3o tem ganhado for\u00e7a, mas ainda carece de mecanismos eficientes para garantir a pluralidade das manifesta\u00e7\u00f5es culturais. Ela afirma que \u00e9 necess\u00e1ria uma ampla discuss\u00e3o \u201cque vise a buscar caminhos para financiar um conte\u00fado riqu\u00edssimo, mas que nem sempre consegue ser veiculado\u201d.<\/p>\n<p>A deputada ressaltou ainda que, em debate na C\u00e2mara, o diretor-executivo da Associa\u00e7\u00e3o Brasileira de Empresas e Empreendedores da Comunica\u00e7\u00e3o (Altercom), Renato Rovai, reivindicou a cria\u00e7\u00e3o de um fundo especial pelo Banco Nacional de Desenvolvimento Social (BNDES) para financiar pequenas empresas de comunica\u00e7\u00e3o. Rovai disse que \u201cas m\u00eddias alternativas n\u00e3o t\u00eam fontes de financiamento nem verbas publicit\u00e1rias para seus projetos, mesmo tendo leitores\u201d.<\/p>\n<p>\u201c\u00c9 preciso, pois, discutir os modelos de financiamento\u201d, conclui Jandira Feghali, justificando a necessidade da audi\u00eancia p\u00fablica.<\/p>\n<p>A reuni\u00e3o ser\u00e1 no Plen\u00e1rio 12.<\/p>\n<\/div>\n<div>\n<div id=\"creditosMateria\">Da Reda\u00e7\u00e3o\/MM<\/p>\n<div>\n<a title=\"Ag\u00eancia C\u00e2mara de Not\u00edticas\" href=\"http:\/\/www2.camara.leg.br\/camaranoticias\">Ag\u00eancia C\u00e2mara Not\u00edcias<\/a><\/p>\n<\/div>\n<\/div>\n<\/div>\n<div><\/div>\n","protected":false},"excerpt":{"rendered":"<p>Jornalistas discutir\u00e3o financiamento de pequenas empresas de comunica\u00e7\u00e3o Paulo Henrique Amorim e Nelson Breve, da EBC, est\u00e3o entre convidados para o debate. Ag\u00eancia Brasil Somente 11% dos pesquisados s\u00e3o leitores da grande m\u00eddia. Maioria recorre a sites e blogs. O financiamento de micro e pequenas empresas de comunica\u00e7\u00e3o que produzem conte\u00fado em diversas plataformas ser\u00e1 [&hellip;]<\/p>\n","protected":false},"author":2,"featured_media":0,"comment_status":"open","ping_status":"open","sticky":false,"template":"","format":"standard","meta":{"_links_to":"","_links_to_target":""},"categories":[18],"tags":[],"_links":{"self":[{"href":"https:\/\/www.r2cpress.com.br\/v1\/wp-json\/wp\/v2\/posts\/64676"}],"collection":[{"href":"https:\/\/www.r2cpress.com.br\/v1\/wp-json\/wp\/v2\/posts"}],"about":[{"href":"https:\/\/www.r2cpress.com.br\/v1\/wp-json\/wp\/v2\/types\/post"}],"author":[{"embeddable":true,"href":"https:\/\/www.r2cpress.com.br\/v1\/wp-json\/wp\/v2\/users\/2"}],"replies":[{"embeddable":true,"href":"https:\/\/www.r2cpress.com.br\/v1\/wp-json\/wp\/v2\/comments?post=64676"}],"version-history":[{"count":3,"href":"https:\/\/www.r2cpress.com.br\/v1\/wp-json\/wp\/v2\/posts\/64676\/revisions"}],"predecessor-version":[{"id":64679,"href":"https:\/\/www.r2cpress.com.br\/v1\/wp-json\/wp\/v2\/posts\/64676\/revisions\/64679"}],"wp:attachment":[{"href":"https:\/\/www.r2cpress.com.br\/v1\/wp-json\/wp\/v2\/media?parent=64676"}],"wp:term":[{"taxonomy":"category","embeddable":true,"href":"https:\/\/www.r2cpress.com.br\/v1\/wp-json\/wp\/v2\/categories?post=64676"},{"taxonomy":"post_tag","embeddable":true,"href":"https:\/\/www.r2cpress.com.br\/v1\/wp-json\/wp\/v2\/tags?post=64676"}],"curies":[{"name":"wp","href":"https:\/\/api.w.org\/{rel}","templated":true}]}}