{"id":64680,"date":"2013-05-06T20:32:03","date_gmt":"2013-05-06T23:32:03","guid":{"rendered":"http:\/\/www.r2cpress.com.br\/v1\/?p=64680"},"modified":"2013-05-06T20:32:03","modified_gmt":"2013-05-06T23:32:03","slug":"nota-do-vice-governador-guilherme-afif-domingos-a-imprensa","status":"publish","type":"post","link":"https:\/\/www.r2cpress.com.br\/v1\/2013\/05\/06\/nota-do-vice-governador-guilherme-afif-domingos-a-imprensa\/","title":{"rendered":"Nota do vice-governador Guilherme Afif Domingos \u00e0 imprensa"},"content":{"rendered":"<p>Fiquei muito honrado com o convite feito pela presidenta da Rep\u00fablica, Dilma Rousseff, para assumir a Secretaria da Micro e Pequena Empresa, cargo in\u00e9dito na hist\u00f3ria do Pa\u00eds.<br \/>\nRecebo com entusiasmo essa miss\u00e3o, pela import\u00e2ncia que tem o segmento na gera\u00e7\u00e3o de emprego e distribui\u00e7\u00e3o de renda.<\/p>\n<p>Quero agradecer o governador Geraldo Alckmin pela compreens\u00e3o com minha nova incumb\u00eancia e pela miss\u00e3o que muito me honrou, que foi presidir o Conselho Gestor das Parcerias P\u00fablico-Privadas.<\/p>\n<p>Nesta nova jornada tenho certeza de que faremos um grande trabalho de coopera\u00e7\u00e3o entre Governo de S\u00e3o Paulo e Governo Federal, pois em nosso Estado est\u00e1 o maior contingente das micro e pequenas empresas de todo o Brasil.<\/p>\n<p style=\"text-align: center;\"><b>Guilherme Afif Domingos<\/b><\/p>\n<p style=\"text-align: center;\"><b>Vice-governador do Estado de S\u00e3o Paulo<\/b><\/p>\n","protected":false},"excerpt":{"rendered":"<p>Fiquei muito honrado com o convite feito pela presidenta da Rep\u00fablica, Dilma Rousseff, para assumir a Secretaria da Micro e Pequena Empresa, cargo in\u00e9dito na hist\u00f3ria do Pa\u00eds. Recebo com entusiasmo essa miss\u00e3o, pela import\u00e2ncia que tem o segmento na gera\u00e7\u00e3o de emprego e distribui\u00e7\u00e3o de renda. Quero agradecer o governador Geraldo Alckmin pela compreens\u00e3o [&hellip;]<\/p>\n","protected":false},"author":2,"featured_media":0,"comment_status":"open","ping_status":"open","sticky":false,"template":"","format":"standard","meta":{"_links_to":"","_links_to_target":""},"categories":[18],"tags":[],"_links":{"self":[{"href":"https:\/\/www.r2cpress.com.br\/v1\/wp-json\/wp\/v2\/posts\/64680"}],"collection":[{"href":"https:\/\/www.r2cpress.com.br\/v1\/wp-json\/wp\/v2\/posts"}],"about":[{"href":"https:\/\/www.r2cpress.com.br\/v1\/wp-json\/wp\/v2\/types\/post"}],"author":[{"embeddable":true,"href":"https:\/\/www.r2cpress.com.br\/v1\/wp-json\/wp\/v2\/users\/2"}],"replies":[{"embeddable":true,"href":"https:\/\/www.r2cpress.com.br\/v1\/wp-json\/wp\/v2\/comments?post=64680"}],"version-history":[{"count":4,"href":"https:\/\/www.r2cpress.com.br\/v1\/wp-json\/wp\/v2\/posts\/64680\/revisions"}],"predecessor-version":[{"id":64684,"href":"https:\/\/www.r2cpress.com.br\/v1\/wp-json\/wp\/v2\/posts\/64680\/revisions\/64684"}],"wp:attachment":[{"href":"https:\/\/www.r2cpress.com.br\/v1\/wp-json\/wp\/v2\/media?parent=64680"}],"wp:term":[{"taxonomy":"category","embeddable":true,"href":"https:\/\/www.r2cpress.com.br\/v1\/wp-json\/wp\/v2\/categories?post=64680"},{"taxonomy":"post_tag","embeddable":true,"href":"https:\/\/www.r2cpress.com.br\/v1\/wp-json\/wp\/v2\/tags?post=64680"}],"curies":[{"name":"wp","href":"https:\/\/api.w.org\/{rel}","templated":true}]}}