{"id":6469,"date":"2011-01-13T12:52:19","date_gmt":"2011-01-13T15:52:19","guid":{"rendered":"http:\/\/www.r2cpress.com.br\/v1\/?p=6469"},"modified":"2011-01-13T12:52:19","modified_gmt":"2011-01-13T15:52:19","slug":"lavagem-do-bonfim-cortejo-chega-as-11h-no-bonfim","status":"publish","type":"post","link":"https:\/\/www.r2cpress.com.br\/v1\/2011\/01\/13\/lavagem-do-bonfim-cortejo-chega-as-11h-no-bonfim\/","title":{"rendered":"Lavagem do Bonfim Cortejo chega \u00e0s 11h no Bonfim"},"content":{"rendered":"<p>A maior festa de f\u00e9 e religiosidade dos baianos, foi aberta, \u00e0s 8h com um culto ecum\u00eanico na Concei\u00e7\u00e3o da Praia, onde milhares de baianos e turistas se concentraram para assistir a celebra\u00e7\u00e3o religiosa.<\/p>\n<p>Em seguida foi iniciada a caminhada de f\u00e9, quando vestidos de branco, a cor de Oxal\u00e1, milhares de pessoas foram \u00e0 p\u00e9 atpe a Colina Sagrada saudar Senhor do Bonfim, Oxal\u00e1 no sincretismo religioso.<\/p>\n<p>Ap\u00f3s um trajeto de 8 quil\u00f4metros, O Cortejo da Lavagem do Bonfim chegou \u00e0s 11 horas no p\u00e9 da ladeira, que d\u00e1 acesso \u00e0 colina sagrada. O Governador, Jaques Wagner, foi prestigiado com banhos de alfazema, arruda e milho branco pelas baianas que comp\u00f5em o tradicional cortejo.<\/p>\n<p>&#8212;<br \/>\n<a href = \"http:\/\/www.tribunadabahia.com.br\/news.php?idAtual=70317\" target = \"_news\"><b>Tribuna da Bahia<\/b><\/a><\/p>\n","protected":false},"excerpt":{"rendered":"<p>A maior festa de f\u00e9 e religiosidade dos baianos, foi aberta, \u00e0s 8h com um culto ecum\u00eanico na Concei\u00e7\u00e3o da Praia, onde milhares de baianos e turistas se concentraram para assistir a celebra\u00e7\u00e3o religiosa. Em seguida foi iniciada a caminhada de f\u00e9, quando vestidos de branco, a cor de Oxal\u00e1, milhares de pessoas foram \u00e0 [&hellip;]<\/p>\n","protected":false},"author":2,"featured_media":0,"comment_status":"open","ping_status":"open","sticky":false,"template":"","format":"standard","meta":{"_links_to":"","_links_to_target":""},"categories":[13],"tags":[],"_links":{"self":[{"href":"https:\/\/www.r2cpress.com.br\/v1\/wp-json\/wp\/v2\/posts\/6469"}],"collection":[{"href":"https:\/\/www.r2cpress.com.br\/v1\/wp-json\/wp\/v2\/posts"}],"about":[{"href":"https:\/\/www.r2cpress.com.br\/v1\/wp-json\/wp\/v2\/types\/post"}],"author":[{"embeddable":true,"href":"https:\/\/www.r2cpress.com.br\/v1\/wp-json\/wp\/v2\/users\/2"}],"replies":[{"embeddable":true,"href":"https:\/\/www.r2cpress.com.br\/v1\/wp-json\/wp\/v2\/comments?post=6469"}],"version-history":[{"count":2,"href":"https:\/\/www.r2cpress.com.br\/v1\/wp-json\/wp\/v2\/posts\/6469\/revisions"}],"predecessor-version":[{"id":6471,"href":"https:\/\/www.r2cpress.com.br\/v1\/wp-json\/wp\/v2\/posts\/6469\/revisions\/6471"}],"wp:attachment":[{"href":"https:\/\/www.r2cpress.com.br\/v1\/wp-json\/wp\/v2\/media?parent=6469"}],"wp:term":[{"taxonomy":"category","embeddable":true,"href":"https:\/\/www.r2cpress.com.br\/v1\/wp-json\/wp\/v2\/categories?post=6469"},{"taxonomy":"post_tag","embeddable":true,"href":"https:\/\/www.r2cpress.com.br\/v1\/wp-json\/wp\/v2\/tags?post=6469"}],"curies":[{"name":"wp","href":"https:\/\/api.w.org\/{rel}","templated":true}]}}