{"id":6477,"date":"2011-01-13T15:26:28","date_gmt":"2011-01-13T18:26:28","guid":{"rendered":"http:\/\/www.r2cpress.com.br\/v1\/?p=6477"},"modified":"2011-01-13T15:26:28","modified_gmt":"2011-01-13T18:26:28","slug":"estado-convoca-sociedade-para-defender-areas-do-aeroporto-e-porto-sul","status":"publish","type":"post","link":"https:\/\/www.r2cpress.com.br\/v1\/2011\/01\/13\/estado-convoca-sociedade-para-defender-areas-do-aeroporto-e-porto-sul\/","title":{"rendered":"Estado convoca sociedade para defender \u00e1reas do Aeroporto e Porto Sul"},"content":{"rendered":"<p>Diante da amea\u00e7a de invas\u00f5es, constru\u00e7\u00f5es e comercializa\u00e7\u00f5es de terrenos irregulares nas \u00e1reas declaradas de Utilidades P\u00fablica para fins de Desapropria\u00e7\u00e3o e implanta\u00e7\u00e3o do Porto, P\u00f3lo Industrial e de Servi\u00e7os (Porto Sul), bem como do novo Aeroporto Regional, o Departamento de Infraestrutura e Transportes da Bahia \u2013 Derba, est\u00e1 solicitando apoio da Associa\u00e7\u00e3o Comercial de Ilh\u00e9us e C\u00e2mara de Dirigentes Lojistas para exercerem vigil\u00e2ncia sist\u00eamica, a a\u00e7\u00f5es solicitadas \u00e0 Prefeitura Municipal.<\/p>\n<p> <!--more--><\/p>\n<p>Com o objetivo de dar conhecimento \u00e0 sociedade sobre o problema, as duas institui\u00e7\u00f5es e o Derba realizam uma reuni\u00e3o na sede da Associa\u00e7\u00e3o Comercial, segunda-feira (17) as 18h30min. Para isso est\u00e3o sendo convidados a imprensa e representantes dos diversos segmentos da sociedade. O pedido foi feito pelo diretor geral do Derba, Berchris Moura Requi\u00e3o Filho, atrav\u00e9s de of\u00edcios enviados ao prefeito de Ilh\u00e9us, Newton Lima, aos presidentes da Associa\u00e7\u00e3o Comercial, Orlando Oliveira, e da CDL, Marcelo Oliveira, bem como, ao Minist\u00e9rio P\u00fablico.<\/p>\n<p>O Governo do Estado da Bahia, atrav\u00e9s do Decreto n\u00ba 5751 de 10\/9\/1996 declarou de Utilidade P\u00fablica para fins de Desapropria\u00e7\u00e3o, a faixa de dom\u00ednio da Rodovia BA.001, no trecho entre Ilh\u00e9us-Itacar\u00e9, com extens\u00e3o de 64,62 KM com a finalidade de implanta\u00e7\u00e3o da referida Rodovia. J\u00e1 os Decretos 11.003, de 09\/4\/2008, 11.587. de 16\/6\/2009 e 12352 de 25\/8\/2010, tratam da desapropria\u00e7\u00e3o de \u00e1reas e benfeitorias ao longo da Rodovia, no trecho Ilh\u00e9us-Itacar\u00e9, com a finalidade de implanta\u00e7\u00e3o do Porto e P\u00f3lo Industrial e de Servi\u00e7os.<\/p>\n<p>Tamb\u00e9m o Decreto n\u00ba 12.045, de 09\/4\/2010, que declara de Utilidade P\u00fablica, para efeito de Desapropria\u00e7\u00e3o, \u00e1reas e benfeitorias, visando \u00e0 implanta\u00e7\u00e3o de um novo Aeroporto Regional em Ilh\u00e9us. O Estado solicitou da Prefeitura Municipal para n\u00e3o fornecer Alvar\u00e1 de Constru\u00e7\u00e3o ou reforma de Im\u00f3veis que estejam ou venha situar-se nas \u00e1reas de abrang\u00eancia dos referidos Decretos Estaduais.<\/p>\n<p>O Governo da Bahia, atrav\u00e9s do Derba, tem solicitado da Prefeitura aten\u00e7\u00e3o especial, na faixa da margem esquerda da Rodovia BA. 001, no trecho compreendido entre o Loteamento J\u00f3ia do Atl\u00e2ntico e a Ponta da Tulha, notadamente nos Loteamentos Barra Nova, Village da Barra, Barramares e Para\u00edso do Atl\u00e2ntico. Nesses locais, todos os im\u00f3veis ali constantes sejam residenciais ou comerciais, ser\u00e3o desapropriados para implanta\u00e7\u00e3o do Porto Sul. <\/p>\n","protected":false},"excerpt":{"rendered":"<p>Diante da amea\u00e7a de invas\u00f5es, constru\u00e7\u00f5es e comercializa\u00e7\u00f5es de terrenos irregulares nas \u00e1reas declaradas de Utilidades P\u00fablica para fins de Desapropria\u00e7\u00e3o e implanta\u00e7\u00e3o do Porto, P\u00f3lo Industrial e de Servi\u00e7os (Porto Sul), bem como do novo Aeroporto Regional, o Departamento de Infraestrutura e Transportes da Bahia \u2013 Derba, est\u00e1 solicitando apoio da Associa\u00e7\u00e3o Comercial de [&hellip;]<\/p>\n","protected":false},"author":2,"featured_media":0,"comment_status":"open","ping_status":"open","sticky":false,"template":"","format":"standard","meta":{"_links_to":"","_links_to_target":""},"categories":[29],"tags":[],"_links":{"self":[{"href":"https:\/\/www.r2cpress.com.br\/v1\/wp-json\/wp\/v2\/posts\/6477"}],"collection":[{"href":"https:\/\/www.r2cpress.com.br\/v1\/wp-json\/wp\/v2\/posts"}],"about":[{"href":"https:\/\/www.r2cpress.com.br\/v1\/wp-json\/wp\/v2\/types\/post"}],"author":[{"embeddable":true,"href":"https:\/\/www.r2cpress.com.br\/v1\/wp-json\/wp\/v2\/users\/2"}],"replies":[{"embeddable":true,"href":"https:\/\/www.r2cpress.com.br\/v1\/wp-json\/wp\/v2\/comments?post=6477"}],"version-history":[{"count":2,"href":"https:\/\/www.r2cpress.com.br\/v1\/wp-json\/wp\/v2\/posts\/6477\/revisions"}],"predecessor-version":[{"id":6479,"href":"https:\/\/www.r2cpress.com.br\/v1\/wp-json\/wp\/v2\/posts\/6477\/revisions\/6479"}],"wp:attachment":[{"href":"https:\/\/www.r2cpress.com.br\/v1\/wp-json\/wp\/v2\/media?parent=6477"}],"wp:term":[{"taxonomy":"category","embeddable":true,"href":"https:\/\/www.r2cpress.com.br\/v1\/wp-json\/wp\/v2\/categories?post=6477"},{"taxonomy":"post_tag","embeddable":true,"href":"https:\/\/www.r2cpress.com.br\/v1\/wp-json\/wp\/v2\/tags?post=6477"}],"curies":[{"name":"wp","href":"https:\/\/api.w.org\/{rel}","templated":true}]}}