{"id":648,"date":"2010-10-24T09:31:37","date_gmt":"2010-10-24T12:31:37","guid":{"rendered":"http:\/\/www.r2cpress.com.br\/v1\/?p=648"},"modified":"2010-10-24T09:34:25","modified_gmt":"2010-10-24T12:34:25","slug":"estiagem-no-am-deve-quebrar-recorde-historico-neste-domingo","status":"publish","type":"post","link":"https:\/\/www.r2cpress.com.br\/v1\/2010\/10\/24\/estiagem-no-am-deve-quebrar-recorde-historico-neste-domingo\/","title":{"rendered":"Estiagem no AM deve quebrar recorde hist\u00f3rico neste domingo"},"content":{"rendered":"<p><strong>Faltam cinco cent\u00edmetros para que n\u00edvel do Rio Negro atinja marca hist\u00f3rica.<\/strong><br \/>\n<em>Trinta e oito munic\u00edpios do estado j\u00e1 decretaram emerg\u00eancia.<\/em> <\/p>\n<p><a href=\"http:\/\/www.r2cpress.com.br\/v1\/wp-content\/uploads\/rio.jpg\"><img loading=\"lazy\" src=\"http:\/\/www.r2cpress.com.br\/v1\/wp-content\/uploads\/rio.jpg\" alt=\"\" title=\"rio\" width=\"200\" height=\"110\" class=\"alignleft size-full wp-image-649\" \/><\/a><br \/>\nAs casas flutuantes agora est\u00e3o sobre o leito seco de um dos afluentes do Rio Negro. Canoeiros ficaram sem trabalho. \u201cDois meses e meio de trabalho parado, sem renda, sem qualquer atividade\u201d, diz Adonis Cust\u00f3dio.<\/p>\n<p>No encontro das \u00e1guas, onde o Rio Negro se junta ao Solim\u00f5es, ilhas de pedra e argila aparecem pela primeira vez.<\/p>\n<p>A seca extrema tamb\u00e9m intensificou o fen\u00f4meno de desbarrancamento das margens, conhecido como \u201cterras ca\u00eddas.\u201d \u201cA \u00e1gua do rio desce muito r\u00e1pido, no entanto o barranco continua com muita \u00e1gua. Acumula um peso muito grande e causa o desbarrancamento\u201d, afirma Marco Oliveira.<\/p>\n<p>Os barrancos s\u00f3 voltam a ficar seguros quando os rios come\u00e7arem a encher, no fim de novembro.<\/p>\n<p>Do <a HREF = \"http:\/\/g1.globo.com\/brasil\/noticia\/2010\/10\/estiagem-no-am-deve-quebrar-recorde-historico-neste-domingo.html\" = TARGET = \"_NEWS\"><b>G1<\/b>, com informa\u00e7\u00f5es do Jornal Nacional e da Ag\u00eancia Estado<br \/>\n<\/a><\/p>\n<p><!--more--><\/p>\n","protected":false},"excerpt":{"rendered":"<p>Faltam cinco cent\u00edmetros para que n\u00edvel do Rio Negro atinja marca hist\u00f3rica. Trinta e oito munic\u00edpios do estado j\u00e1 decretaram emerg\u00eancia. As casas flutuantes agora est\u00e3o sobre o leito seco de um dos afluentes do Rio Negro. Canoeiros ficaram sem trabalho. \u201cDois meses e meio de trabalho parado, sem renda, sem qualquer atividade\u201d, diz Adonis [&hellip;]<\/p>\n","protected":false},"author":2,"featured_media":0,"comment_status":"open","ping_status":"open","sticky":false,"template":"","format":"standard","meta":{"_links_to":"","_links_to_target":""},"categories":[13],"tags":[],"_links":{"self":[{"href":"https:\/\/www.r2cpress.com.br\/v1\/wp-json\/wp\/v2\/posts\/648"}],"collection":[{"href":"https:\/\/www.r2cpress.com.br\/v1\/wp-json\/wp\/v2\/posts"}],"about":[{"href":"https:\/\/www.r2cpress.com.br\/v1\/wp-json\/wp\/v2\/types\/post"}],"author":[{"embeddable":true,"href":"https:\/\/www.r2cpress.com.br\/v1\/wp-json\/wp\/v2\/users\/2"}],"replies":[{"embeddable":true,"href":"https:\/\/www.r2cpress.com.br\/v1\/wp-json\/wp\/v2\/comments?post=648"}],"version-history":[{"count":3,"href":"https:\/\/www.r2cpress.com.br\/v1\/wp-json\/wp\/v2\/posts\/648\/revisions"}],"predecessor-version":[{"id":652,"href":"https:\/\/www.r2cpress.com.br\/v1\/wp-json\/wp\/v2\/posts\/648\/revisions\/652"}],"wp:attachment":[{"href":"https:\/\/www.r2cpress.com.br\/v1\/wp-json\/wp\/v2\/media?parent=648"}],"wp:term":[{"taxonomy":"category","embeddable":true,"href":"https:\/\/www.r2cpress.com.br\/v1\/wp-json\/wp\/v2\/categories?post=648"},{"taxonomy":"post_tag","embeddable":true,"href":"https:\/\/www.r2cpress.com.br\/v1\/wp-json\/wp\/v2\/tags?post=648"}],"curies":[{"name":"wp","href":"https:\/\/api.w.org\/{rel}","templated":true}]}}