{"id":6480,"date":"2011-01-13T15:40:19","date_gmt":"2011-01-13T18:40:19","guid":{"rendered":"http:\/\/www.r2cpress.com.br\/v1\/?p=6480"},"modified":"2011-01-13T15:40:19","modified_gmt":"2011-01-13T18:40:19","slug":"basilio-vence-iguape-e-avanca-na-2%c2%aa-copa-interbairros","status":"publish","type":"post","link":"https:\/\/www.r2cpress.com.br\/v1\/2011\/01\/13\/basilio-vence-iguape-e-avanca-na-2%c2%aa-copa-interbairros\/","title":{"rendered":"Bas\u00edlio vence Iguape e avan\u00e7a na 2\u00aa Copa Interbairros"},"content":{"rendered":"<p><a href=\"http:\/\/www.r2cpress.com.br\/v1\/wp-content\/uploads\/Ver\u00e3o-Malhado-2011.jpg\"><img loading=\"lazy\" src=\"http:\/\/www.r2cpress.com.br\/v1\/wp-content\/uploads\/Ver\u00e3o-Malhado-2011-300x225.jpg\" alt=\"\" title=\"Ver\u00e3o Malhado 2011\" width=\"300\" height=\"225\" class=\"alignleft size-medium wp-image-6481\" srcset=\"https:\/\/www.r2cpress.com.br\/v1\/wp-content\/uploads\/Ver\u00e3o-Malhado-2011-300x225.jpg 300w, https:\/\/www.r2cpress.com.br\/v1\/wp-content\/uploads\/Ver\u00e3o-Malhado-2011.jpg 700w\" sizes=\"(max-width: 300px) 100vw, 300px\" \/><\/a>O 3\u00b0 Projeto Ver\u00e3o Malhado teve in\u00edcio na noite de ontem (12) com uma grande presen\u00e7a de p\u00fablico. A 2\u00aa Copa InterBairros  come\u00e7ou com dois jogos na arena montada no Parque Lu\u00eds Eduardo Magalh\u00e3es, Avenida Litor\u00e2nea Norte. O primeiro jogo da noite foi entre Urbis x Pontal, onde o time da Urbis venceu por W.O. ap\u00f3s a equipe do Pontal n\u00e3o comparecer a partida. <\/p>\n<p>No segundo jogo da noite o Bas\u00edlio venceu o Iguape por 7&#215;5 em uma partida repleta de emo\u00e7\u00f5es e viradas. O destaque foi o jogador Marlon da equipe do Bas\u00edlio que marcou 3 gols e ajudou seu time a avan\u00e7ar na competi\u00e7\u00e3o. <\/p>\n<p><!--more--><\/p>\n<p>A 2\u00aa Copa InterBairros segue nesta sexta-feira (14) com mais dois jogos. Tapera x Princesa Isabel e Malhado x Conquista jogar\u00e3o por uma vaga na pr\u00f3xima fase do certame. Tamb\u00e9m na sexta-feira tem in\u00edcio a 1\u00aa Copa InterBairros de Veteranos, Urbis x Severino Vieira far\u00e3o o \u00fanico jogo da noite. <\/p>\n<p>O vereador Jailson Nascimento idealizador e realizador do 3\u00b0 Projeto Ver\u00e3o Malhado ficou satisfeito com a grande presen\u00e7a de p\u00fablico na primeira noite do evento. \u201cA tend\u00eancia \u00e9 que as pessoas compare\u00e7am cada vez mais ao Projeto Ver\u00e3o Malhado. Na pr\u00f3xima semana teremos as aulas de gin\u00e1stica aer\u00f3bica  abertas ao p\u00fablico, \u00e9 s\u00f3 comparecer\u201d, finalizou Jailson Nascimento. <\/p>\n","protected":false},"excerpt":{"rendered":"<p>O 3\u00b0 Projeto Ver\u00e3o Malhado teve in\u00edcio na noite de ontem (12) com uma grande presen\u00e7a de p\u00fablico. A 2\u00aa Copa InterBairros come\u00e7ou com dois jogos na arena montada no Parque Lu\u00eds Eduardo Magalh\u00e3es, Avenida Litor\u00e2nea Norte. O primeiro jogo da noite foi entre Urbis x Pontal, onde o time da Urbis venceu por W.O. [&hellip;]<\/p>\n","protected":false},"author":2,"featured_media":0,"comment_status":"open","ping_status":"open","sticky":false,"template":"","format":"standard","meta":{"_links_to":"","_links_to_target":""},"categories":[11],"tags":[],"_links":{"self":[{"href":"https:\/\/www.r2cpress.com.br\/v1\/wp-json\/wp\/v2\/posts\/6480"}],"collection":[{"href":"https:\/\/www.r2cpress.com.br\/v1\/wp-json\/wp\/v2\/posts"}],"about":[{"href":"https:\/\/www.r2cpress.com.br\/v1\/wp-json\/wp\/v2\/types\/post"}],"author":[{"embeddable":true,"href":"https:\/\/www.r2cpress.com.br\/v1\/wp-json\/wp\/v2\/users\/2"}],"replies":[{"embeddable":true,"href":"https:\/\/www.r2cpress.com.br\/v1\/wp-json\/wp\/v2\/comments?post=6480"}],"version-history":[{"count":2,"href":"https:\/\/www.r2cpress.com.br\/v1\/wp-json\/wp\/v2\/posts\/6480\/revisions"}],"predecessor-version":[{"id":6483,"href":"https:\/\/www.r2cpress.com.br\/v1\/wp-json\/wp\/v2\/posts\/6480\/revisions\/6483"}],"wp:attachment":[{"href":"https:\/\/www.r2cpress.com.br\/v1\/wp-json\/wp\/v2\/media?parent=6480"}],"wp:term":[{"taxonomy":"category","embeddable":true,"href":"https:\/\/www.r2cpress.com.br\/v1\/wp-json\/wp\/v2\/categories?post=6480"},{"taxonomy":"post_tag","embeddable":true,"href":"https:\/\/www.r2cpress.com.br\/v1\/wp-json\/wp\/v2\/tags?post=6480"}],"curies":[{"name":"wp","href":"https:\/\/api.w.org\/{rel}","templated":true}]}}