{"id":64902,"date":"2013-05-09T11:13:22","date_gmt":"2013-05-09T14:13:22","guid":{"rendered":"http:\/\/www.r2cpress.com.br\/v1\/?p=64902"},"modified":"2013-05-09T11:13:22","modified_gmt":"2013-05-09T14:13:22","slug":"politica-de-inclusao-digital-e-banda-larga-em-debate-na-assembleia-nesta-sexta","status":"publish","type":"post","link":"https:\/\/www.r2cpress.com.br\/v1\/2013\/05\/09\/politica-de-inclusao-digital-e-banda-larga-em-debate-na-assembleia-nesta-sexta\/","title":{"rendered":"Pol\u00edtica de inclus\u00e3o digital e banda larga em debate na Assembleia nesta sexta"},"content":{"rendered":"<p>O Conselho Estadual de Comunica\u00e7\u00e3o Social, \u00f3rg\u00e3o ligado \u00e0 Secretaria de Comunica\u00e7\u00e3o Social do Governo da Bahia (Secom), promove, nesta sexta-feira (10), a partir das 9h, com apoio da Assembleia Legislativa da Bahia (Alba), a 1\u00aa Palestra do Ciclo de Di\u00e1logos de Comunica\u00e7\u00e3o. Com o tema Pol\u00edtica de inclus\u00e3o digital e banda larga, a palestra, aberta ao p\u00fablico, ser\u00e1 no audit\u00f3rio Jutahy Magalh\u00e3es, anexo da Alba, no Centro Administrativo da Bahia.<\/p>\n<p>O evento ter\u00e1 a media\u00e7\u00e3o do secret\u00e1rio da Secom, Robinson Almeida, e os debatedores ser\u00e3o o senador Walter Pinheiro, membro da Comiss\u00e3o de Ci\u00eancia e Tecnologia (CCT) do Senado; Eduardo Neger, presidente da Associa\u00e7\u00e3o Brasileira de Internet (Abranet); e Jos\u00e9 Lira, representando o Sindicato Nacional das Empresas de Telefonia e de Servi\u00e7os M\u00f3vel Celular e Pessoal (Sinditelebrasil).<\/p>\n<p>&#8230;<br \/>\nSecom  &#8211; Secretaria de Comunica\u00e7\u00e3o Social &#8211; Governo da Bahia<\/p>\n","protected":false},"excerpt":{"rendered":"<p>O Conselho Estadual de Comunica\u00e7\u00e3o Social, \u00f3rg\u00e3o ligado \u00e0 Secretaria de Comunica\u00e7\u00e3o Social do Governo da Bahia (Secom), promove, nesta sexta-feira (10), a partir das 9h, com apoio da Assembleia Legislativa da Bahia (Alba), a 1\u00aa Palestra do Ciclo de Di\u00e1logos de Comunica\u00e7\u00e3o. Com o tema Pol\u00edtica de inclus\u00e3o digital e banda larga, a palestra, [&hellip;]<\/p>\n","protected":false},"author":2,"featured_media":0,"comment_status":"open","ping_status":"open","sticky":false,"template":"","format":"standard","meta":{"_links_to":"","_links_to_target":""},"categories":[29],"tags":[],"_links":{"self":[{"href":"https:\/\/www.r2cpress.com.br\/v1\/wp-json\/wp\/v2\/posts\/64902"}],"collection":[{"href":"https:\/\/www.r2cpress.com.br\/v1\/wp-json\/wp\/v2\/posts"}],"about":[{"href":"https:\/\/www.r2cpress.com.br\/v1\/wp-json\/wp\/v2\/types\/post"}],"author":[{"embeddable":true,"href":"https:\/\/www.r2cpress.com.br\/v1\/wp-json\/wp\/v2\/users\/2"}],"replies":[{"embeddable":true,"href":"https:\/\/www.r2cpress.com.br\/v1\/wp-json\/wp\/v2\/comments?post=64902"}],"version-history":[{"count":2,"href":"https:\/\/www.r2cpress.com.br\/v1\/wp-json\/wp\/v2\/posts\/64902\/revisions"}],"predecessor-version":[{"id":64904,"href":"https:\/\/www.r2cpress.com.br\/v1\/wp-json\/wp\/v2\/posts\/64902\/revisions\/64904"}],"wp:attachment":[{"href":"https:\/\/www.r2cpress.com.br\/v1\/wp-json\/wp\/v2\/media?parent=64902"}],"wp:term":[{"taxonomy":"category","embeddable":true,"href":"https:\/\/www.r2cpress.com.br\/v1\/wp-json\/wp\/v2\/categories?post=64902"},{"taxonomy":"post_tag","embeddable":true,"href":"https:\/\/www.r2cpress.com.br\/v1\/wp-json\/wp\/v2\/tags?post=64902"}],"curies":[{"name":"wp","href":"https:\/\/api.w.org\/{rel}","templated":true}]}}