{"id":64918,"date":"2013-05-09T19:27:20","date_gmt":"2013-05-09T22:27:20","guid":{"rendered":"http:\/\/www.r2cpress.com.br\/v1\/?p=64918"},"modified":"2013-05-09T19:27:20","modified_gmt":"2013-05-09T22:27:20","slug":"zoneamento-ecologico-economico-da-bahia-zee-sera-concluido-no-primeiro-semestre-de-2013","status":"publish","type":"post","link":"https:\/\/www.r2cpress.com.br\/v1\/2013\/05\/09\/zoneamento-ecologico-economico-da-bahia-zee-sera-concluido-no-primeiro-semestre-de-2013\/","title":{"rendered":"Zoneamento Ecol\u00f3gico-Econ\u00f4mico da Bahia (ZEE)  ser\u00e1 conclu\u00eddo no primeiro semestre de 2013"},"content":{"rendered":"<p>            A proposta de Zoneamento Ecol\u00f3gico-Econ\u00f4mico (ZEE) elaborada pelo Governo da Bahia deve ser conclu\u00edda neste primeiro semestre e, a partir de agosto, apresentada para aprecia\u00e7\u00e3o da sociedade em audi\u00eancias p\u00fablicas. O projeto foi avaliado hoje (10) por t\u00e9cnicos das Secretarias do Planejamento (Seplan) e Meio Ambiente (Sema) e da Superintend\u00eancia de Estudos Econ\u00f4micos e Sociais (SEI), autarquia vinculada \u00e0 Seplan, no workshop Internaliza\u00e7\u00e3o do ZEE.<br \/>\n<center>  <a href=\"http:\/\/www.r2cpress.com.br\/v1\/wp-content\/uploads\/gabrielli_33.jpg\"><img loading=\"lazy\" src=\"http:\/\/www.r2cpress.com.br\/v1\/wp-content\/uploads\/gabrielli_33.jpg\" alt=\"gabrielli_33\" width=\"500\" height=\"333\" class=\"aligncenter size-full wp-image-64919\" srcset=\"https:\/\/www.r2cpress.com.br\/v1\/wp-content\/uploads\/gabrielli_33.jpg 500w, https:\/\/www.r2cpress.com.br\/v1\/wp-content\/uploads\/gabrielli_33-300x199.jpg 300w\" sizes=\"(max-width: 500px) 100vw, 500px\" \/><\/a> <\/center><br \/>\n            Instrumento de ordenamento e gest\u00e3o territorial, o ZEE serve para orientar o uso e ocupa\u00e7\u00e3o do solo a partir da compatibiliza\u00e7\u00e3o entre os usos mais adequados para cada regi\u00e3o e a necessidade de preserva\u00e7\u00e3o de padr\u00f5es ambientais que garantam as condi\u00e7\u00f5es de vida das gera\u00e7\u00f5es futuras. Um dos objetivos do ZEE \u00e9 promover o desenvolvimento sustent\u00e1vel, compartilhando os conflitos econ\u00f4micos, sociais e ambientais.<br \/>\n<!--more--><br \/>\n            \u201cO ZEE \u00e9 um instrumento de planejamento territorial, com dados espaciais que identifica os limites, oportunidades e orienta\u00e7\u00f5es para o desenvolvimento econ\u00f4mico e sustent\u00e1vel\u201d, destacou o secret\u00e1rio do Planejamento, Jos\u00e9 Sergio Gabrielli, que participou dos trabalhos durante todo o dia. Divididos em grupos e munidos de mapas, os t\u00e9cnicos avaliaram a proposta, buscando contribuir para a constru\u00e7\u00e3o da pe\u00e7a, ao identificar zonas de conflitos, grandes empreendimentos (projetos p\u00fablicos e privados), (in)compatibiliza\u00e7\u00f5es ecol\u00f3gicas-econ\u00f4micas, al\u00e9m de novas potencialidades e limita\u00e7\u00f5es nas dimens\u00f5es social, econ\u00f4mica e ambiental.<\/p>\n<p>            Luiz Ant\u00f4nio Ferraro, superintendente de Estudos e Pesquisas Ambientais da Sema, elencou alguns aspectos do ZEE, como zonear o territ\u00f3rio a partir da converg\u00eancia de caracter\u00edsticas, estabelecer \u00e1reas\/zonas de conserva\u00e7\u00e3o, estabelecer crit\u00e9rios orientadores para a realiza\u00e7\u00e3o das atividades produtivas em cada por\u00e7\u00e3o do territ\u00f3rio e dispor de um banco de dados geogr\u00e1ficos de refer\u00eancia para a gest\u00e3o territorial.<\/p>\n<p>A import\u00e2ncia do ZEE est\u00e1 em apontar, atrav\u00e9s de lei, as \u00e1reas adequdas \u00e0 implanta\u00e7\u00e3o de arranjos s\u00f3cio-produtivos espec\u00edficos, os locais que devem ser protegidos devido \u00e0 maior vulnerabilidade ambiental e as regi\u00f5es que se encontram degradadas ou em estado de degrada\u00e7\u00e3o que dever\u00e3o ser objeto de a\u00e7\u00f5es de recupera\u00e7\u00e3o.<\/p>\n<p>Na proposta inicial do ZEE est\u00e3o previstas 32 zonas e 69 subzonas. Do ponto de vista da metodologia, ao elaborar o instrumento o Governo da Bahia optou por definir e delimitar as zonas a partir da integra\u00e7\u00e3o dos dados tem\u00e1ticos abordados nas Unidades Territoriais B\u00e1sicas (UTBs) com o diagn\u00f3stico dos arranjos produtivos rurais e definidas nas Unidades de Pa\u00edsagem (UPs).<\/p>\n<p>As UTBs s\u00e3o arranjos espaciais que mant\u00eam similaridades hidrol\u00f3gicas, climatol\u00f3gicas, geol\u00f3gicas, geomorfol\u00f3gicas, pedol\u00f3gicas e de cobertura vegetal em diferentes n\u00edveis de altera\u00e7\u00e3o dos sistemas ambientais existentes. J\u00e1 as UPs s\u00e3o resultantes da sobreposi\u00e7\u00e3o de unidades territoriais b\u00e1sicas com uso do solo. Por sua vez, o uso do solo \u00e9 indicado basicamente pelos arranjos s\u00f3cio-produtivos e pelas aglomera\u00e7\u00f5es humanas.<\/p>\n<p>&#8212;&#8212;&#8212;&#8212;&#8211;<br \/>\nAssessoria de Comunica\u00e7\u00e3o<br \/>\nSecretaria do Planejamento do Estado da Bahia<\/p>\n","protected":false},"excerpt":{"rendered":"<p>A proposta de Zoneamento Ecol\u00f3gico-Econ\u00f4mico (ZEE) elaborada pelo Governo da Bahia deve ser conclu\u00edda neste primeiro semestre e, a partir de agosto, apresentada para aprecia\u00e7\u00e3o da sociedade em audi\u00eancias p\u00fablicas. O projeto foi avaliado hoje (10) por t\u00e9cnicos das Secretarias do Planejamento (Seplan) e Meio Ambiente (Sema) e da Superintend\u00eancia de Estudos Econ\u00f4micos e Sociais [&hellip;]<\/p>\n","protected":false},"author":2,"featured_media":0,"comment_status":"open","ping_status":"open","sticky":false,"template":"","format":"standard","meta":{"_links_to":"","_links_to_target":""},"categories":[29],"tags":[],"_links":{"self":[{"href":"https:\/\/www.r2cpress.com.br\/v1\/wp-json\/wp\/v2\/posts\/64918"}],"collection":[{"href":"https:\/\/www.r2cpress.com.br\/v1\/wp-json\/wp\/v2\/posts"}],"about":[{"href":"https:\/\/www.r2cpress.com.br\/v1\/wp-json\/wp\/v2\/types\/post"}],"author":[{"embeddable":true,"href":"https:\/\/www.r2cpress.com.br\/v1\/wp-json\/wp\/v2\/users\/2"}],"replies":[{"embeddable":true,"href":"https:\/\/www.r2cpress.com.br\/v1\/wp-json\/wp\/v2\/comments?post=64918"}],"version-history":[{"count":2,"href":"https:\/\/www.r2cpress.com.br\/v1\/wp-json\/wp\/v2\/posts\/64918\/revisions"}],"predecessor-version":[{"id":64921,"href":"https:\/\/www.r2cpress.com.br\/v1\/wp-json\/wp\/v2\/posts\/64918\/revisions\/64921"}],"wp:attachment":[{"href":"https:\/\/www.r2cpress.com.br\/v1\/wp-json\/wp\/v2\/media?parent=64918"}],"wp:term":[{"taxonomy":"category","embeddable":true,"href":"https:\/\/www.r2cpress.com.br\/v1\/wp-json\/wp\/v2\/categories?post=64918"},{"taxonomy":"post_tag","embeddable":true,"href":"https:\/\/www.r2cpress.com.br\/v1\/wp-json\/wp\/v2\/tags?post=64918"}],"curies":[{"name":"wp","href":"https:\/\/api.w.org\/{rel}","templated":true}]}}