{"id":64926,"date":"2013-05-09T19:47:01","date_gmt":"2013-05-09T22:47:01","guid":{"rendered":"http:\/\/www.r2cpress.com.br\/v1\/?p=64926"},"modified":"2013-05-09T19:47:01","modified_gmt":"2013-05-09T22:47:01","slug":"camara-municipal-de-ilheus-106","status":"publish","type":"post","link":"https:\/\/www.r2cpress.com.br\/v1\/2013\/05\/09\/camara-municipal-de-ilheus-106\/","title":{"rendered":"C\u00e2mara Municipal de  Ilh\u00e9us"},"content":{"rendered":"<p style=\"text-align: center;\"><span style=\"font-family: Calibri;\"><b><span style=\"text-decoration: underline;\">ASSESSORIA DE IMPRENSA<\/span><\/b><\/span><\/p>\n<p style=\"text-align: center;\"><span style=\"font-family: Calibri;\">\u00a0<span style=\"text-decoration: underline;\"><a href=\"http:\/\/www.camaradeilheus.com.br\" target=\"_blank\">www.camaradeilheus.com.br<\/a><\/span><\/span><\/p>\n<table border=\"1\" cellspacing=\"0\" cellpadding=\"0\">\n<tbody>\n<tr>\n<td valign=\"top\" width=\"45\"><span style=\"font-family: Calibri;\">N\u00ba<\/span><\/td>\n<td valign=\"top\" width=\"57\"><b><span style=\"font-family: Calibri;\">27<\/span><\/b><\/td>\n<td valign=\"top\" width=\"231\"><b><span style=\"font-family: Calibri;\">Ascom\/CMI<\/span><\/b><\/td>\n<td valign=\"top\" width=\"115\"><b><span style=\"font-family: Calibri;\">Data:<\/span><\/b><\/td>\n<td valign=\"top\" width=\"115\"><b><span style=\"font-family: Calibri;\">07\/05\/2013<\/span><\/b><\/td>\n<\/tr>\n<\/tbody>\n<\/table>\n<p><span style=\"font-family: Calibri; font-size: medium;\">\u00a0<\/span><\/p>\n<table width=\"580\" border=\"1\" cellspacing=\"0\" cellpadding=\"0\">\n<tbody>\n<tr>\n<td valign=\"top\" width=\"576\"><span style=\"font-family: Calibri;\"><b>Vereador <\/b><b>houve<\/b><b> autoridades e\u00a0 moradores da Nova Bras\u00edlia sobre desapropria\u00e7\u00f5es<\/b><\/span><\/td>\n<\/tr>\n<\/tbody>\n<\/table>\n<p><b><span style=\"font-family: Calibri;\">\u00a0<\/span><\/b><span style=\"font-family: Calibri;\"><b>Mais uma inequ\u00edvoca demonstra\u00e7\u00e3o da C\u00e2mara Municipal de Ilh\u00e9us de que\u00a0 aperfei\u00e7oa \u00e0 cada dia, nesta nova legislatura, sob \u00e0 presid\u00eancia do vereador Josevaldo Nascimento (PCdoB), \u00a0sua real\u00a0 fun\u00e7\u00e3o\u00a0 em\u00a0 acompanhar os\u00a0 fatos e quest\u00f5es\u00a0 da sociedade \u00e0 qual representa, foi a aprova\u00e7\u00e3o em Plen\u00e1rio do requerimento de n\u00famero 095\/2013, de autoria do vereador Ivo Evangelista ( PRB), primeiro \u2013secret\u00e1rio da Mesa Diretora,\u00a0 solicitando uma Audi\u00eancia P\u00fablica para o dia 20\/05\/2013, \u00e0s 16h, no\u00a0 Plen\u00e1rio da C\u00e2mara, \u00a0afim de\u00a0 dirimir d\u00favidas e preocupa\u00e7\u00f5es\u00a0 dos moradores sobre as desapropria\u00e7\u00f5es de um bom n\u00famero de resid\u00eancias que ser\u00e3o demolidas para a constru\u00e7\u00e3o da nova ponte, que ligar\u00e1 o centro \u00e0 zona sul da cidade. <\/b><\/span><\/p>\n<p><b><span style=\"font-family: Calibri;\">\u00a0\u00a0\u00a0\u00a0\u00a0\u00a0 Foram convidados\u00a0 para esta sess\u00e3o, o Vice-Governador\u00a0 e\u00a0 Secret\u00e1rio de Infraestrutura\u00a0 da Bahia Dr.Otto Alencar ou seu representante;\u00a0 O Secret\u00e1rio Municipal de Urbanismo e Meio-Ambiente Antonio Vieira; os Moradores da Avenida Litor\u00e2nea Sul, Rua Bar\u00e3o do Rio Branco,\u00a0 Rua Luiz Palmeira e da Nova Bras\u00edlia.<\/span><\/b><\/p>\n<p><b><span style=\"font-family: Calibri;\">\u00a0\u00a0\u00a0\u00a0\u00a0\u00a0 \u201c O principal desafio da administra\u00e7\u00e3o p\u00fablica \u00e9 criar as condi\u00e7\u00f5es pol\u00edticas para que o povo participe, numa busca concreta, dos caminhos de uma verdadeira democratiza\u00e7\u00e3o da nossa sociedade. Portanto, o\u00a0 grande desafio \u00e9 encontrar uma forma adequada de mobilizar a energia da comunidade para realizar a miss\u00e3o da organiza\u00e7\u00e3o e, ao mesmo tempo, dar condi\u00e7\u00f5es para que cada pessoa seja reconhecida e consiga sua auto-realiza\u00e7\u00e3o, na medida em que tenha oportunidade de utilizar o seu potencial, de conduzir sua pr\u00f3pria vida e n\u00e3o ser compelida por ela para algum lugar onde na realidade n\u00e3o gostaria de\u00a0 estar&#8230;\u00a0 e esta medida, tem por objetivo, prestar esclarecimentos \u00e0 respeito deste importante investimento para nossa cidade e regi\u00e3o&#8230;\u201d enfatizou o proponente da Audi\u00eancia P\u00fablica, vereador Ivo Evangelista.<\/span><\/b><\/p>\n","protected":false},"excerpt":{"rendered":"<p>ASSESSORIA DE IMPRENSA \u00a0www.camaradeilheus.com.br N\u00ba 27 Ascom\/CMI Data: 07\/05\/2013 \u00a0 Vereador houve autoridades e\u00a0 moradores da Nova Bras\u00edlia sobre desapropria\u00e7\u00f5es \u00a0Mais uma inequ\u00edvoca demonstra\u00e7\u00e3o da C\u00e2mara Municipal de Ilh\u00e9us de que\u00a0 aperfei\u00e7oa \u00e0 cada dia, nesta nova legislatura, sob \u00e0 presid\u00eancia do vereador Josevaldo Nascimento (PCdoB), \u00a0sua real\u00a0 fun\u00e7\u00e3o\u00a0 em\u00a0 acompanhar os\u00a0 fatos e quest\u00f5es\u00a0 [&hellip;]<\/p>\n","protected":false},"author":2,"featured_media":0,"comment_status":"open","ping_status":"open","sticky":false,"template":"","format":"standard","meta":{"_links_to":"","_links_to_target":""},"categories":[22],"tags":[],"_links":{"self":[{"href":"https:\/\/www.r2cpress.com.br\/v1\/wp-json\/wp\/v2\/posts\/64926"}],"collection":[{"href":"https:\/\/www.r2cpress.com.br\/v1\/wp-json\/wp\/v2\/posts"}],"about":[{"href":"https:\/\/www.r2cpress.com.br\/v1\/wp-json\/wp\/v2\/types\/post"}],"author":[{"embeddable":true,"href":"https:\/\/www.r2cpress.com.br\/v1\/wp-json\/wp\/v2\/users\/2"}],"replies":[{"embeddable":true,"href":"https:\/\/www.r2cpress.com.br\/v1\/wp-json\/wp\/v2\/comments?post=64926"}],"version-history":[{"count":3,"href":"https:\/\/www.r2cpress.com.br\/v1\/wp-json\/wp\/v2\/posts\/64926\/revisions"}],"predecessor-version":[{"id":64929,"href":"https:\/\/www.r2cpress.com.br\/v1\/wp-json\/wp\/v2\/posts\/64926\/revisions\/64929"}],"wp:attachment":[{"href":"https:\/\/www.r2cpress.com.br\/v1\/wp-json\/wp\/v2\/media?parent=64926"}],"wp:term":[{"taxonomy":"category","embeddable":true,"href":"https:\/\/www.r2cpress.com.br\/v1\/wp-json\/wp\/v2\/categories?post=64926"},{"taxonomy":"post_tag","embeddable":true,"href":"https:\/\/www.r2cpress.com.br\/v1\/wp-json\/wp\/v2\/tags?post=64926"}],"curies":[{"name":"wp","href":"https:\/\/api.w.org\/{rel}","templated":true}]}}