{"id":64934,"date":"2013-05-09T20:23:17","date_gmt":"2013-05-09T23:23:17","guid":{"rendered":"http:\/\/www.r2cpress.com.br\/v1\/?p=64934"},"modified":"2013-05-09T20:23:17","modified_gmt":"2013-05-09T23:23:17","slug":"prefeitura-de-ilheus-e-pm-juntas-no-combate-a-violencia","status":"publish","type":"post","link":"https:\/\/www.r2cpress.com.br\/v1\/2013\/05\/09\/prefeitura-de-ilheus-e-pm-juntas-no-combate-a-violencia\/","title":{"rendered":"Prefeitura de Ilh\u00e9us e PM juntas no combate \u00e0 viol\u00eancia"},"content":{"rendered":"<p>A cria\u00e7\u00e3o de a\u00e7\u00f5es conjuntas para promover a redu\u00e7\u00e3o do \u00edndice de viol\u00eancia e estabelecer um ambiente mais agrad\u00e1vel e seguro aos moradores e turistas do munic\u00edpio de Ilh\u00e9us foi tema de um encontro, no Pal\u00e1cio Paranagu\u00e1, entre o prefeito Jabes Ribeiro, o Coronel Ant\u00f4nio Reis, do Comando Regional Sul da Policia Militar da Bahia, e o tenente-coronel Marcelo Luiz Brand\u00e3o Teixeira, comandante do 2\u00ba Batalh\u00e3o de Ensino, Instru\u00e7\u00e3o e Capacita\u00e7\u00e3o da PM-BA. \u201cA ideia \u00e9 a gente maximizar as a\u00e7\u00f5es de prote\u00e7\u00e3o ao cidad\u00e3o e organiza\u00e7\u00e3o do espa\u00e7o p\u00fablico\u201d, frisou o prefeito Jabes Ribeiro, ap\u00f3s a audi\u00eancia, na tarde da \u00faltima quarta-feira, dia 8.<br \/>\n<div id=\"attachment_64935\" style=\"width: 510px\" class=\"wp-caption aligncenter\"><a href=\"http:\/\/www.r2cpress.com.br\/v1\/wp-content\/uploads\/Reuni\u00e3o-do-prefeito-Jabes-Ribeiro-com-o-coronel-Reis-e-o-tenente-coronel-Teixeira-da-PM-Foto-Gidelzo-Silva-Secom-Ilh\u00e9us-9.jpg\"><img aria-describedby=\"caption-attachment-64935\" loading=\"lazy\" src=\"http:\/\/www.r2cpress.com.br\/v1\/wp-content\/uploads\/Reuni\u00e3o-do-prefeito-Jabes-Ribeiro-com-o-coronel-Reis-e-o-tenente-coronel-Teixeira-da-PM-Foto-Gidelzo-Silva-Secom-Ilh\u00e9us-9.jpg\" alt=\"Reuni\u00e3o do prefeito Jabes Ribeiro com o coronel Reis e o tenente coronel Teixeira da PM - Foto Gidelzo Silva - Secom-Ilh\u00e9us.\" width=\"500\" height=\"359\" class=\"size-full wp-image-64935\" srcset=\"https:\/\/www.r2cpress.com.br\/v1\/wp-content\/uploads\/Reuni\u00e3o-do-prefeito-Jabes-Ribeiro-com-o-coronel-Reis-e-o-tenente-coronel-Teixeira-da-PM-Foto-Gidelzo-Silva-Secom-Ilh\u00e9us-9.jpg 500w, https:\/\/www.r2cpress.com.br\/v1\/wp-content\/uploads\/Reuni\u00e3o-do-prefeito-Jabes-Ribeiro-com-o-coronel-Reis-e-o-tenente-coronel-Teixeira-da-PM-Foto-Gidelzo-Silva-Secom-Ilh\u00e9us-9-300x215.jpg 300w\" sizes=\"(max-width: 500px) 100vw, 500px\" \/><\/a><p id=\"caption-attachment-64935\" class=\"wp-caption-text\">Reuni\u00e3o do prefeito Jabes Ribeiro com o coronel Reis e o tenente coronel Teixeira da PM &#8211; Foto Gidelzo Silva &#8211; Secom-Ilh\u00e9us.<\/p><\/div><br \/>\nA\u00e7\u00f5es como a cria\u00e7\u00e3o de um conselho comunit\u00e1rio e a implanta\u00e7\u00e3o da Base Comunit\u00e1ria de Seguran\u00e7a foram pontuadas como fundamentais para o desenvolvimento de uma plataforma operacional conjunta para combater o tr\u00e1fico de drogas, a criminalidade e a marginaliza\u00e7\u00e3o no munic\u00edpio especialmente nos locais de maiores \u00edndices de viol\u00eancia, registrados pela Pol\u00edcia Militar.<\/p>\n<p>Os participantes observaram que a reuni\u00e3o foi o primeiro passo para a maior aproxima\u00e7\u00e3o entre as institui\u00e7\u00f5es, fundamental para a melhoria das atividades da Prefeitura e da corpora\u00e7\u00e3o. \u201cApesar de j\u00e1 termos conversado em outros contextos sobre estes assuntos, consideramos que este encontro d\u00e1 inicio a uma s\u00e9rie de v\u00e1rios outros que teremos para tratar de temas referentes ao combate \u00e0 viol\u00eancia no nosso munic\u00edpio, inclusive j\u00e1 convidei o coronel Reis e o tenente Teixeira para participarem das atividades de comemora\u00e7\u00e3o do anivers\u00e1rio de Ilh\u00e9us, no pr\u00f3ximo 28 de junho\u201d, resumiu Jabes Ribeiro.<\/p>\n<p>&#8212;<br \/>\nSecretaria de Comunica\u00e7\u00e3o Social (Secom)<br \/>\nIlh\u00e9us \u2013 09.05.2013<\/p>\n","protected":false},"excerpt":{"rendered":"<p>A cria\u00e7\u00e3o de a\u00e7\u00f5es conjuntas para promover a redu\u00e7\u00e3o do \u00edndice de viol\u00eancia e estabelecer um ambiente mais agrad\u00e1vel e seguro aos moradores e turistas do munic\u00edpio de Ilh\u00e9us foi tema de um encontro, no Pal\u00e1cio Paranagu\u00e1, entre o prefeito Jabes Ribeiro, o Coronel Ant\u00f4nio Reis, do Comando Regional Sul da Policia Militar da Bahia, [&hellip;]<\/p>\n","protected":false},"author":2,"featured_media":0,"comment_status":"open","ping_status":"open","sticky":false,"template":"","format":"standard","meta":{"_links_to":"","_links_to_target":""},"categories":[23],"tags":[],"_links":{"self":[{"href":"https:\/\/www.r2cpress.com.br\/v1\/wp-json\/wp\/v2\/posts\/64934"}],"collection":[{"href":"https:\/\/www.r2cpress.com.br\/v1\/wp-json\/wp\/v2\/posts"}],"about":[{"href":"https:\/\/www.r2cpress.com.br\/v1\/wp-json\/wp\/v2\/types\/post"}],"author":[{"embeddable":true,"href":"https:\/\/www.r2cpress.com.br\/v1\/wp-json\/wp\/v2\/users\/2"}],"replies":[{"embeddable":true,"href":"https:\/\/www.r2cpress.com.br\/v1\/wp-json\/wp\/v2\/comments?post=64934"}],"version-history":[{"count":3,"href":"https:\/\/www.r2cpress.com.br\/v1\/wp-json\/wp\/v2\/posts\/64934\/revisions"}],"predecessor-version":[{"id":64938,"href":"https:\/\/www.r2cpress.com.br\/v1\/wp-json\/wp\/v2\/posts\/64934\/revisions\/64938"}],"wp:attachment":[{"href":"https:\/\/www.r2cpress.com.br\/v1\/wp-json\/wp\/v2\/media?parent=64934"}],"wp:term":[{"taxonomy":"category","embeddable":true,"href":"https:\/\/www.r2cpress.com.br\/v1\/wp-json\/wp\/v2\/categories?post=64934"},{"taxonomy":"post_tag","embeddable":true,"href":"https:\/\/www.r2cpress.com.br\/v1\/wp-json\/wp\/v2\/tags?post=64934"}],"curies":[{"name":"wp","href":"https:\/\/api.w.org\/{rel}","templated":true}]}}