{"id":6497,"date":"2011-01-13T19:14:39","date_gmt":"2011-01-13T22:14:39","guid":{"rendered":"http:\/\/www.r2cpress.com.br\/v1\/?p=6497"},"modified":"2011-01-13T19:14:39","modified_gmt":"2011-01-13T22:14:39","slug":"simbolo-do-sincretismo-religioso-da-bahia-lavagem-do-bonfim-reune-1-milhao-de-fieis","status":"publish","type":"post","link":"https:\/\/www.r2cpress.com.br\/v1\/2011\/01\/13\/simbolo-do-sincretismo-religioso-da-bahia-lavagem-do-bonfim-reune-1-milhao-de-fieis\/","title":{"rendered":"S\u00edmbolo do Sincretismo Religioso da Bahia, Lavagem do Bonfim re\u00fane 1 milh\u00e3o de fi\u00e9is"},"content":{"rendered":"<p>O rel\u00f3gio ainda nem marcava 8h nesta quinta-feira (13) quando uma multid\u00e3o vestida de branco se reunia em frente \u00e0 Igreja de Nossa Senhora da Concei\u00e7\u00e3o da Praia, ponto de partida para a tradicional caminhada de oito quil\u00f4metros rumo \u00e0 Igreja de Nosso Senhor do Bonfim.<\/p>\n<p>Maior festa religiosa da Bahia, a Lavagem do Bonfim reuniu, entre baianos e turistas, mais de um milh\u00e3o de pessoas.  Com o apoio da Secretaria de Turismo e da Bahiatursa, o cortejo saiu por volta das 9h, acompanhado por 50 baianas, pela banda Jurema e o Maestro Reginaldo, al\u00e9m do Il\u00ea Ayi\u00ea e os Filhos de Gandhi. \u201c\u00c9 necess\u00e1rio preservar as tradi\u00e7\u00f5es dessa festa, que \u00e9 uma das mais importantes do nosso estado. Os turistas precisam conhecer a grandeza das nossas manifesta\u00e7\u00f5es culturais e estamos trabalhando para que estas festas voltem a ser um forte atrativo tur\u00edstico\u201d, afirmou a presidente da Bahiatursa, Em\u00edlia Salvador Silva.<\/p>\n<p><!--more--><\/p>\n<p>Nem mesmo o calor e a chuva passageira impediram que os turistas acompanhassem a caminhada at\u00e9 o fim. O casal ga\u00facho Luzia e Gerson Sales veio a Salvador pelo terceiro ano consecutivo para participar da festa. \u201cSomos muito religiosos e viemos em 2009 pela primeira vez fazer um pedido ao Senhor do Bonfim. Fomos atendidos e, desde ent\u00e3o, enquanto for poss\u00edvel, viremos agradecer e receber \u00e0s b\u00ean\u00e7\u00e3os\u201d, contou Luzia.<\/p>\n<p>A festa tamb\u00e9m \u00e9, para muitos, a oportunidade de ganhar um dinheiro extra. A baiana Ala\u00edde Matos, 62, vende acaraj\u00e9 h\u00e1 vinte anos em um tabuleiro localizado em frente \u00e0 sede do Minist\u00e9rio da Fazenda. Nesta quinta-feira ela acordou um pouco mais cedo para garantir as vendas. \u201cPara quem trabalha aqui a festa traz muita coisa boa. A gente acompanha o movimento e ainda ganha muito mais do que nos dias normais\u201d, contou.<\/p>\n<p>Por volta das 12h o cortejo chegou \u00e0 Colina Sagrada, onde as baianas lavaram as escadarias da Igreja do Bonfim e o adro, cantando louvores a Oxal\u00e1 e o tradicional Hino do Senhor do Bonfim.<\/p>\n<p><strong>Seguran\u00e7a na caminhada<\/strong><\/p>\n<p>Para garantir a seguran\u00e7a dos que participam da caminhada de f\u00e9, cerca de 2.500 policiais, entre militares e civis, foram distribu\u00eddos ao longo do percurso. Al\u00e9m do efetivo disposto no trajeto, postos elevados de observa\u00e7\u00e3o, duas centrais de flagrante e um carro pres\u00eddio auxiliaram o trabalho preventivo, ostensivo e investigativo necess\u00e1rio para que a festa transcorresse com tranquilidade.<\/p>\n","protected":false},"excerpt":{"rendered":"<p>O rel\u00f3gio ainda nem marcava 8h nesta quinta-feira (13) quando uma multid\u00e3o vestida de branco se reunia em frente \u00e0 Igreja de Nossa Senhora da Concei\u00e7\u00e3o da Praia, ponto de partida para a tradicional caminhada de oito quil\u00f4metros rumo \u00e0 Igreja de Nosso Senhor do Bonfim. Maior festa religiosa da Bahia, a Lavagem do Bonfim [&hellip;]<\/p>\n","protected":false},"author":2,"featured_media":0,"comment_status":"open","ping_status":"open","sticky":false,"template":"","format":"standard","meta":{"_links_to":"","_links_to_target":""},"categories":[29],"tags":[],"_links":{"self":[{"href":"https:\/\/www.r2cpress.com.br\/v1\/wp-json\/wp\/v2\/posts\/6497"}],"collection":[{"href":"https:\/\/www.r2cpress.com.br\/v1\/wp-json\/wp\/v2\/posts"}],"about":[{"href":"https:\/\/www.r2cpress.com.br\/v1\/wp-json\/wp\/v2\/types\/post"}],"author":[{"embeddable":true,"href":"https:\/\/www.r2cpress.com.br\/v1\/wp-json\/wp\/v2\/users\/2"}],"replies":[{"embeddable":true,"href":"https:\/\/www.r2cpress.com.br\/v1\/wp-json\/wp\/v2\/comments?post=6497"}],"version-history":[{"count":2,"href":"https:\/\/www.r2cpress.com.br\/v1\/wp-json\/wp\/v2\/posts\/6497\/revisions"}],"predecessor-version":[{"id":6499,"href":"https:\/\/www.r2cpress.com.br\/v1\/wp-json\/wp\/v2\/posts\/6497\/revisions\/6499"}],"wp:attachment":[{"href":"https:\/\/www.r2cpress.com.br\/v1\/wp-json\/wp\/v2\/media?parent=6497"}],"wp:term":[{"taxonomy":"category","embeddable":true,"href":"https:\/\/www.r2cpress.com.br\/v1\/wp-json\/wp\/v2\/categories?post=6497"},{"taxonomy":"post_tag","embeddable":true,"href":"https:\/\/www.r2cpress.com.br\/v1\/wp-json\/wp\/v2\/tags?post=6497"}],"curies":[{"name":"wp","href":"https:\/\/api.w.org\/{rel}","templated":true}]}}