{"id":6500,"date":"2011-01-13T19:27:44","date_gmt":"2011-01-13T22:27:44","guid":{"rendered":"http:\/\/www.r2cpress.com.br\/v1\/?p=6500"},"modified":"2011-01-13T19:27:44","modified_gmt":"2011-01-13T22:27:44","slug":"paulo-souto-deve-deixar-presidencia-do-dem","status":"publish","type":"post","link":"https:\/\/www.r2cpress.com.br\/v1\/2011\/01\/13\/paulo-souto-deve-deixar-presidencia-do-dem\/","title":{"rendered":"Paulo Souto deve deixar presid\u00eancia do DEM"},"content":{"rendered":"<p>Antes mesmo de uma defini\u00e7\u00e3o interna, com poss\u00edveis transforma\u00e7\u00f5es na cara do DEM em \u00e2mbito nacional, a previs\u00e3o \u00e9 de que o partido possa passar por grandes mudan\u00e7as na Bahia. Nos bastidores, j\u00e1 \u00e9 dada como certa a sa\u00edda do ex-governador Paulo Souto, um dos \u00edcones pol\u00edticos no estado, da presid\u00eancia da legenda.<\/p>\n<p> A despedida do cargo deve ocorrer daqui h\u00e1 dois meses, per\u00edodo de realiza\u00e7\u00e3o da nova elei\u00e7\u00e3o para o diret\u00f3rio executivo. Nesse processo de mudan\u00e7as, est\u00e1 no p\u00e1reo para comandar a sigla &#8211; que j\u00e1 foi a mais influente do estado &#8211; o ex-deputado federal Jos\u00e9 Carlos Aleluia, que admitiu esta semana ser candidato \u00e0 Prefeitura de Salvador, e o ex-prefeito de Feira de Santana Jos\u00e9 Ronaldo. A sa\u00edda de Paulo Souto se d\u00e1 em um cen\u00e1rio de enfraquecimento do Democratas, ex-PFL, na Bahia.<\/p>\n<p>O partido, que tinha 140 prefeituras, hoje tem 44. No Legislativo estadual, a legenda tamb\u00e9m foi atingida com a redu\u00e7\u00e3o da bancada de 12 para cinco deputados. Desde o resultado eleitoral, o dirigente democrata sumiu da cena pol\u00edtica no estado. (LM)<\/p>\n<p>&#8212;<br \/>\n<a href = \"http:\/\/www.tribunadabahia.com.br\/news.php?idAtual=70295\" target = \"_news\"><b>Tribuna da Bahia<\/b><\/a><\/p>\n","protected":false},"excerpt":{"rendered":"<p>Antes mesmo de uma defini\u00e7\u00e3o interna, com poss\u00edveis transforma\u00e7\u00f5es na cara do DEM em \u00e2mbito nacional, a previs\u00e3o \u00e9 de que o partido possa passar por grandes mudan\u00e7as na Bahia. Nos bastidores, j\u00e1 \u00e9 dada como certa a sa\u00edda do ex-governador Paulo Souto, um dos \u00edcones pol\u00edticos no estado, da presid\u00eancia da legenda. A despedida [&hellip;]<\/p>\n","protected":false},"author":2,"featured_media":0,"comment_status":"open","ping_status":"open","sticky":false,"template":"","format":"standard","meta":{"_links_to":"","_links_to_target":""},"categories":[13],"tags":[],"_links":{"self":[{"href":"https:\/\/www.r2cpress.com.br\/v1\/wp-json\/wp\/v2\/posts\/6500"}],"collection":[{"href":"https:\/\/www.r2cpress.com.br\/v1\/wp-json\/wp\/v2\/posts"}],"about":[{"href":"https:\/\/www.r2cpress.com.br\/v1\/wp-json\/wp\/v2\/types\/post"}],"author":[{"embeddable":true,"href":"https:\/\/www.r2cpress.com.br\/v1\/wp-json\/wp\/v2\/users\/2"}],"replies":[{"embeddable":true,"href":"https:\/\/www.r2cpress.com.br\/v1\/wp-json\/wp\/v2\/comments?post=6500"}],"version-history":[{"count":2,"href":"https:\/\/www.r2cpress.com.br\/v1\/wp-json\/wp\/v2\/posts\/6500\/revisions"}],"predecessor-version":[{"id":6502,"href":"https:\/\/www.r2cpress.com.br\/v1\/wp-json\/wp\/v2\/posts\/6500\/revisions\/6502"}],"wp:attachment":[{"href":"https:\/\/www.r2cpress.com.br\/v1\/wp-json\/wp\/v2\/media?parent=6500"}],"wp:term":[{"taxonomy":"category","embeddable":true,"href":"https:\/\/www.r2cpress.com.br\/v1\/wp-json\/wp\/v2\/categories?post=6500"},{"taxonomy":"post_tag","embeddable":true,"href":"https:\/\/www.r2cpress.com.br\/v1\/wp-json\/wp\/v2\/tags?post=6500"}],"curies":[{"name":"wp","href":"https:\/\/api.w.org\/{rel}","templated":true}]}}