{"id":6510,"date":"2011-01-14T08:12:17","date_gmt":"2011-01-14T11:12:17","guid":{"rendered":"http:\/\/www.r2cpress.com.br\/v1\/?p=6510"},"modified":"2011-01-14T08:12:17","modified_gmt":"2011-01-14T11:12:17","slug":"beatificacao-de-joao-paulo-ii-esta-prevista-para-sair-hoje-diz-bispo","status":"publish","type":"post","link":"https:\/\/www.r2cpress.com.br\/v1\/2011\/01\/14\/beatificacao-de-joao-paulo-ii-esta-prevista-para-sair-hoje-diz-bispo\/","title":{"rendered":"Beatifica\u00e7\u00e3o de Jo\u00e3o Paulo II est\u00e1 prevista para sair hoje, diz bispo"},"content":{"rendered":"<p><strong>A assinatura de Bento XVI \u00e9 a \u00fanica coisa que falta para a beatifica\u00e7\u00e3o<\/strong><\/p>\n<p><div style=\"width: 210px\" class=\"wp-caption alignleft\"><img loading=\"lazy\" alt=\"Beatifica\u00e7\u00e3o \u00e9 o primeiro passo para a santidade (Foto: Divulga\u00e7\u00e3o).\" src=\"http:\/\/www.correio24horas.com.br\/fileadmin\/user_upload\/tt_news\/pics\/paulo2.jpg\" title=\"Beatifica\u00e7\u00e3o \u00e9 o primeiro passo para a santidade (Foto: Divulga\u00e7\u00e3o).\" width=\"200\" height=\"160\" \/><p class=\"wp-caption-text\">Beatifica\u00e7\u00e3o \u00e9 o primeiro passo para a santidade (Foto: Divulga\u00e7\u00e3o).<\/p><\/div>O milagre necess\u00e1rio para beatificar Jo\u00e3o Paulo II deve ser aprovado nesta sexta-feira (14) pelo papa Bento XVI, afirmou a imprensa italiana ontem. A assinatura de Bento XVI \u00e9 a \u00fanica coisa que falta para a beatifica\u00e7\u00e3o de Jo\u00e3o Paulo.<\/p>\n<p>O an\u00fancio da beatifica\u00e7\u00e3o tamb\u00e9m poder\u00e1 ser feito oficialmente hoje, afirmou ontem o bispo polon\u00eas Tadeusz Pieronek, antigo n\u00ba 2 da Confer\u00eancia Nacional dos Bispos da Pol\u00f4nia. Num sinal de que o an\u00fancio \u00e9 iminente, ontem trabalhadores come\u00e7aram a restaurar um mosaico em uma capela perto da entrada da Bas\u00edlica de S\u00e3o Pedro.<\/p>\n<p>Um grupo de oper\u00e1rios tamb\u00e9m trabalha na capela de S\u00e3o Sebasti\u00e3o, ao lado de onde est\u00e1 a c\u00e9lebre Piedade de Michelangelo, na ala direita da Bas\u00edlica. A beatifica\u00e7\u00e3o \u00e9 o primeiro grande passo para a santidade.<\/p>\n<p>Bento XVI colocou Jo\u00e3o Paulo II no caminho para a santidade apenas algumas semanas depois que ele morreu, em 2005, respondendo aos gritos de \u201csanto s\u00fabito\u201d, que estouraram na multid\u00e3o durante a missa f\u00fanebre do antigo pont\u00edfice.<\/p>\n<p>&#8212;<br \/>\nReda\u00e7\u00e3o <a href = \"http:\/\/www.correio24horas.com.br\/noticias\/detalhes\/detalhes-3\/artigo\/beatificacao-de-joao-paulo-ii-esta-prevista-para-sair-hoje-diz-bispo\/\" target = \"_news\"><b>CORREIO DA BAHIA<\/b><\/a><\/p>\n","protected":false},"excerpt":{"rendered":"<p>A assinatura de Bento XVI \u00e9 a \u00fanica coisa que falta para a beatifica\u00e7\u00e3o O milagre necess\u00e1rio para beatificar Jo\u00e3o Paulo II deve ser aprovado nesta sexta-feira (14) pelo papa Bento XVI, afirmou a imprensa italiana ontem. A assinatura de Bento XVI \u00e9 a \u00fanica coisa que falta para a beatifica\u00e7\u00e3o de Jo\u00e3o Paulo. O [&hellip;]<\/p>\n","protected":false},"author":2,"featured_media":0,"comment_status":"open","ping_status":"open","sticky":false,"template":"","format":"standard","meta":{"_links_to":"","_links_to_target":""},"categories":[13],"tags":[],"_links":{"self":[{"href":"https:\/\/www.r2cpress.com.br\/v1\/wp-json\/wp\/v2\/posts\/6510"}],"collection":[{"href":"https:\/\/www.r2cpress.com.br\/v1\/wp-json\/wp\/v2\/posts"}],"about":[{"href":"https:\/\/www.r2cpress.com.br\/v1\/wp-json\/wp\/v2\/types\/post"}],"author":[{"embeddable":true,"href":"https:\/\/www.r2cpress.com.br\/v1\/wp-json\/wp\/v2\/users\/2"}],"replies":[{"embeddable":true,"href":"https:\/\/www.r2cpress.com.br\/v1\/wp-json\/wp\/v2\/comments?post=6510"}],"version-history":[{"count":2,"href":"https:\/\/www.r2cpress.com.br\/v1\/wp-json\/wp\/v2\/posts\/6510\/revisions"}],"predecessor-version":[{"id":6512,"href":"https:\/\/www.r2cpress.com.br\/v1\/wp-json\/wp\/v2\/posts\/6510\/revisions\/6512"}],"wp:attachment":[{"href":"https:\/\/www.r2cpress.com.br\/v1\/wp-json\/wp\/v2\/media?parent=6510"}],"wp:term":[{"taxonomy":"category","embeddable":true,"href":"https:\/\/www.r2cpress.com.br\/v1\/wp-json\/wp\/v2\/categories?post=6510"},{"taxonomy":"post_tag","embeddable":true,"href":"https:\/\/www.r2cpress.com.br\/v1\/wp-json\/wp\/v2\/tags?post=6510"}],"curies":[{"name":"wp","href":"https:\/\/api.w.org\/{rel}","templated":true}]}}